{"id":28755,"date":"2023-12-01T15:09:44","date_gmt":"2023-12-01T15:09:44","guid":{"rendered":"https:\/\/www.ayuntamientodeharia.com\/haria\/?p=28755"},"modified":"2023-12-01T15:09:44","modified_gmt":"2023-12-01T15:09:44","slug":"haria-acoge-un-emotivo-acto-en-la-conmemoracion-del-dia-internacional-de-la-eliminacion-de-la-violencia-contra-la-mujer","status":"publish","type":"post","link":"https:\/\/www.ayuntamientodeharia.com\/haria\/haria-acoge-un-emotivo-acto-en-la-conmemoracion-del-dia-internacional-de-la-eliminacion-de-la-violencia-contra-la-mujer\/","title":{"rendered":"Har\u00eda acoge un emotivo acto en la conmemoraci\u00f3n del D\u00eda Internacional de la Eliminaci\u00f3n de la Violencia contra la Mujer"},"content":{"rendered":"<p>El Ayuntamiento de Har\u00eda, a trav\u00e9s del \u00c1rea de Igualdad que coordina Nuria Esther Acu\u00f1a, organiz\u00f3 el pasado 25 de noviembre la jornada \u2018El arte como herramienta de reivindicaci\u00f3n\u2019, una emotiva iniciativa que cont\u00f3 con amplia participaci\u00f3n y cuyo objetivo ha sido sumarse a la conmemoraci\u00f3n del D\u00eda Internacional de la Eliminaci\u00f3n de la Violencia contra la Mujer.<\/p>\n<p>La ciudadan\u00eda pudo presenciar grandes actuaciones, poes\u00eda, la lectura de un manifiesto, espect\u00e1culos de danza contempor\u00e1nea, danza a\u00e9rea, m\u00fasica y otras expresiones culturales como herramienta de reivindicaci\u00f3n.<\/p>\n","protected":false},"excerpt":{"rendered":"<p>El Ayuntamiento de Har\u00eda, a trav\u00e9s del \u00c1rea de Igualdad que coordina Nuria Esther Acu\u00f1a, organiz\u00f3 el pasado 25 de noviembre la jornada \u2018El arte como herramienta de reivindicaci\u00f3n\u2019, una emotiva iniciativa que cont\u00f3 con amplia participaci\u00f3n y cuyo objetivo ha sido sumarse a la conmemoraci\u00f3n del D\u00eda Internacional de la Eliminaci\u00f3n de la Violencia [&hellip;]<\/p>\n","protected":false},"author":13,"featured_media":28756,"comment_status":"closed","ping_status":"closed","sticky":false,"template":"","format":"standard","meta":{"footnotes":""},"categories":[425,11,30],"tags":[],"class_list":["post-28755","post","type-post","status-publish","format-standard","has-post-thumbnail","hentry","category-destacado","category-hoja-de-haria","category-igualdad"],"_links":{"self":[{"href":"https:\/\/www.ayuntamientodeharia.com\/haria\/wp-json\/wp\/v2\/posts\/28755","targetHints":{"allow":["GET"]}}],"collection":[{"href":"https:\/\/www.ayuntamientodeharia.com\/haria\/wp-json\/wp\/v2\/posts"}],"about":[{"href":"https:\/\/www.ayuntamientodeharia.com\/haria\/wp-json\/wp\/v2\/types\/post"}],"author":[{"embeddable":true,"href":"https:\/\/www.ayuntamientodeharia.com\/haria\/wp-json\/wp\/v2\/users\/13"}],"replies":[{"embeddable":true,"href":"https:\/\/www.ayuntamientodeharia.com\/haria\/wp-json\/wp\/v2\/comments?post=28755"}],"version-history":[{"count":1,"href":"https:\/\/www.ayuntamientodeharia.com\/haria\/wp-json\/wp\/v2\/posts\/28755\/revisions"}],"predecessor-version":[{"id":28757,"href":"https:\/\/www.ayuntamientodeharia.com\/haria\/wp-json\/wp\/v2\/posts\/28755\/revisions\/28757"}],"wp:featuredmedia":[{"embeddable":true,"href":"https:\/\/www.ayuntamientodeharia.com\/haria\/wp-json\/wp\/v2\/media\/28756"}],"wp:attachment":[{"href":"https:\/\/www.ayuntamientodeharia.com\/haria\/wp-json\/wp\/v2\/media?parent=28755"}],"wp:term":[{"taxonomy":"category","embeddable":true,"href":"https:\/\/www.ayuntamientodeharia.com\/haria\/wp-json\/wp\/v2\/categories?post=28755"},{"taxonomy":"post_tag","embeddable":true,"href":"https:\/\/www.ayuntamientodeharia.com\/haria\/wp-json\/wp\/v2\/tags?post=28755"}],"curies":[{"name":"wp","href":"https:\/\/api.w.org\/{rel}","templated":true}]}}