{"id":28678,"date":"2023-11-24T14:18:27","date_gmt":"2023-11-24T14:18:27","guid":{"rendered":"https:\/\/www.ayuntamientodeharia.com\/haria\/?p=28678"},"modified":"2023-11-24T14:18:27","modified_gmt":"2023-11-24T14:18:27","slug":"albi-cedres-y-blanca-carralero-se-proclaman-campeones-de-la-iii-carrera-de-trail-haria-titan","status":"publish","type":"post","link":"https:\/\/www.ayuntamientodeharia.com\/haria\/albi-cedres-y-blanca-carralero-se-proclaman-campeones-de-la-iii-carrera-de-trail-haria-titan\/","title":{"rendered":"Albi Cedr\u00e9s y Blanca Carralero se proclaman campeones de la III carrera de trail \u2018Har\u00eda Tit\u00e1n\u2019"},"content":{"rendered":"<p>El pasado fin de semana tuvo lugar en el municipio la III Har\u00eda Tit\u00e1n, la tercera edici\u00f3n de la carrera de trail en la que participaron unos 700 atletas y que culmin\u00f3 con las victorias de Albi Cedr\u00e9s y Blanca Carralero en la modalidad reina de 42 kil\u00f3metros.<\/p>\n<p>Cedr\u00e9s y Carralero se subieron a lo m\u00e1s alto de los p\u00f3diums masculino y femenino, donde estuvieron acompa\u00f1ados por el corredor castellano manchego de \u00e9lite Jes\u00fas Gil y el tambi\u00e9n destacado deportista italiano Donatello Rota, y por la tambi\u00e9n madrile\u00f1a M\u00f3nica Ayerra y la italiana Serena Piganzoli.<\/p>\n<p>Yoel de Paz y Leire Fern\u00e1ndez fueron los encargados de encumbrar la tambi\u00e9n aclamada media marat\u00f3n.<\/p>\n<p>Por \u00faltimo, el\u00a0circuito de 14km tuvo como ganadores a Eutimio Betancor y a Elisabeth Solero.<\/p>\n<p>Desde el Ayuntamiento de Har\u00eda, felicitamos a todos los participantes y, en especial, a los ganadores y ganadoras, as\u00ed como al Har\u00eda Trail Team por la gran labor realizada en la organizaci\u00f3n del que se ha convertido en uno de los eventos deportivos m\u00e1s esperados del a\u00f1o.<\/p>\n","protected":false},"excerpt":{"rendered":"<p>El pasado fin de semana tuvo lugar en el municipio la III Har\u00eda Tit\u00e1n, la tercera edici\u00f3n de la carrera de trail en la que participaron unos 700 atletas y que culmin\u00f3 con las victorias de Albi Cedr\u00e9s y Blanca Carralero en la modalidad reina de 42 kil\u00f3metros. Cedr\u00e9s y Carralero se subieron a lo [&hellip;]<\/p>\n","protected":false},"author":13,"featured_media":28679,"comment_status":"closed","ping_status":"closed","sticky":false,"template":"","format":"standard","meta":{"footnotes":""},"categories":[17,425,11],"tags":[],"class_list":["post-28678","post","type-post","status-publish","format-standard","has-post-thumbnail","hentry","category-deportes","category-destacado","category-hoja-de-haria"],"_links":{"self":[{"href":"https:\/\/www.ayuntamientodeharia.com\/haria\/wp-json\/wp\/v2\/posts\/28678","targetHints":{"allow":["GET"]}}],"collection":[{"href":"https:\/\/www.ayuntamientodeharia.com\/haria\/wp-json\/wp\/v2\/posts"}],"about":[{"href":"https:\/\/www.ayuntamientodeharia.com\/haria\/wp-json\/wp\/v2\/types\/post"}],"author":[{"embeddable":true,"href":"https:\/\/www.ayuntamientodeharia.com\/haria\/wp-json\/wp\/v2\/users\/13"}],"replies":[{"embeddable":true,"href":"https:\/\/www.ayuntamientodeharia.com\/haria\/wp-json\/wp\/v2\/comments?post=28678"}],"version-history":[{"count":1,"href":"https:\/\/www.ayuntamientodeharia.com\/haria\/wp-json\/wp\/v2\/posts\/28678\/revisions"}],"predecessor-version":[{"id":28680,"href":"https:\/\/www.ayuntamientodeharia.com\/haria\/wp-json\/wp\/v2\/posts\/28678\/revisions\/28680"}],"wp:featuredmedia":[{"embeddable":true,"href":"https:\/\/www.ayuntamientodeharia.com\/haria\/wp-json\/wp\/v2\/media\/28679"}],"wp:attachment":[{"href":"https:\/\/www.ayuntamientodeharia.com\/haria\/wp-json\/wp\/v2\/media?parent=28678"}],"wp:term":[{"taxonomy":"category","embeddable":true,"href":"https:\/\/www.ayuntamientodeharia.com\/haria\/wp-json\/wp\/v2\/categories?post=28678"},{"taxonomy":"post_tag","embeddable":true,"href":"https:\/\/www.ayuntamientodeharia.com\/haria\/wp-json\/wp\/v2\/tags?post=28678"}],"curies":[{"name":"wp","href":"https:\/\/api.w.org\/{rel}","templated":true}]}}