{"id":28671,"date":"2023-11-24T14:16:30","date_gmt":"2023-11-24T14:16:30","guid":{"rendered":"https:\/\/www.ayuntamientodeharia.com\/haria\/?p=28671"},"modified":"2023-11-24T14:16:30","modified_gmt":"2023-11-24T14:16:30","slug":"haria-conmemora-el-dia-internacional-de-la-eliminacion-de-la-violencia-contra-la-mujer-3","status":"publish","type":"post","link":"https:\/\/www.ayuntamientodeharia.com\/haria\/haria-conmemora-el-dia-internacional-de-la-eliminacion-de-la-violencia-contra-la-mujer-3\/","title":{"rendered":"Har\u00eda conmemora el D\u00eda Internacional de la Eliminaci\u00f3n de la Violencia contra la Mujer"},"content":{"rendered":"<p>El Ayuntamiento de Har\u00eda, a trav\u00e9s del \u00c1rea de Igualdad que coordina Nuria Esther Acu\u00f1a, organizar\u00e1 este s\u00e1bado, 25 de noviembre, la jornada \u2018El arte como herramienta de reivindicaci\u00f3n\u2019, una actividad cuyo objetivo es sumarse a la conmemoraci\u00f3n del D\u00eda Internacional de la Eliminaci\u00f3n de la Violencia contra la Mujer.<\/p>\n<p>Disfruta de actuaciones impactantes, poes\u00eda conmovedora y m\u00e1s. S\u00e9 parte del cambio. El acto contar\u00e1 con lectura de manifiesto, danza contempor\u00e1nea, poes\u00eda, danza a\u00e9rea y diversas actuaciones art\u00edsticas, musicales y culturales como herramienta de reivindicaci\u00f3n.<\/p>\n<p>El evento tendr\u00e1 lugar a partir de las 12:00 horas en el Centro Cultural \u2018La Tegala\u2019, en Har\u00eda.<\/p>\n<p>Asiste media hora antes a la Plaza de Har\u00eda para disfrutar y participar en un evento sorpresa enmarcado en esta iniciativa.<\/p>\n","protected":false},"excerpt":{"rendered":"<p>El Ayuntamiento de Har\u00eda, a trav\u00e9s del \u00c1rea de Igualdad que coordina Nuria Esther Acu\u00f1a, organizar\u00e1 este s\u00e1bado, 25 de noviembre, la jornada \u2018El arte como herramienta de reivindicaci\u00f3n\u2019, una actividad cuyo objetivo es sumarse a la conmemoraci\u00f3n del D\u00eda Internacional de la Eliminaci\u00f3n de la Violencia contra la Mujer. Disfruta de actuaciones impactantes, poes\u00eda [&hellip;]<\/p>\n","protected":false},"author":13,"featured_media":28595,"comment_status":"closed","ping_status":"closed","sticky":false,"template":"","format":"standard","meta":{"footnotes":""},"categories":[425,11,30],"tags":[],"class_list":["post-28671","post","type-post","status-publish","format-standard","has-post-thumbnail","hentry","category-destacado","category-hoja-de-haria","category-igualdad"],"_links":{"self":[{"href":"https:\/\/www.ayuntamientodeharia.com\/haria\/wp-json\/wp\/v2\/posts\/28671","targetHints":{"allow":["GET"]}}],"collection":[{"href":"https:\/\/www.ayuntamientodeharia.com\/haria\/wp-json\/wp\/v2\/posts"}],"about":[{"href":"https:\/\/www.ayuntamientodeharia.com\/haria\/wp-json\/wp\/v2\/types\/post"}],"author":[{"embeddable":true,"href":"https:\/\/www.ayuntamientodeharia.com\/haria\/wp-json\/wp\/v2\/users\/13"}],"replies":[{"embeddable":true,"href":"https:\/\/www.ayuntamientodeharia.com\/haria\/wp-json\/wp\/v2\/comments?post=28671"}],"version-history":[{"count":1,"href":"https:\/\/www.ayuntamientodeharia.com\/haria\/wp-json\/wp\/v2\/posts\/28671\/revisions"}],"predecessor-version":[{"id":28672,"href":"https:\/\/www.ayuntamientodeharia.com\/haria\/wp-json\/wp\/v2\/posts\/28671\/revisions\/28672"}],"wp:featuredmedia":[{"embeddable":true,"href":"https:\/\/www.ayuntamientodeharia.com\/haria\/wp-json\/wp\/v2\/media\/28595"}],"wp:attachment":[{"href":"https:\/\/www.ayuntamientodeharia.com\/haria\/wp-json\/wp\/v2\/media?parent=28671"}],"wp:term":[{"taxonomy":"category","embeddable":true,"href":"https:\/\/www.ayuntamientodeharia.com\/haria\/wp-json\/wp\/v2\/categories?post=28671"},{"taxonomy":"post_tag","embeddable":true,"href":"https:\/\/www.ayuntamientodeharia.com\/haria\/wp-json\/wp\/v2\/tags?post=28671"}],"curies":[{"name":"wp","href":"https:\/\/api.w.org\/{rel}","templated":true}]}}