{"id":28662,"date":"2023-11-24T14:13:20","date_gmt":"2023-11-24T14:13:20","guid":{"rendered":"https:\/\/www.ayuntamientodeharia.com\/haria\/?p=28662"},"modified":"2023-11-24T14:13:20","modified_gmt":"2023-11-24T14:13:20","slug":"haria-colabora-en-las-ii-jornadas-tunera-tuno-y-cochinilla","status":"publish","type":"post","link":"https:\/\/www.ayuntamientodeharia.com\/haria\/haria-colabora-en-las-ii-jornadas-tunera-tuno-y-cochinilla\/","title":{"rendered":"Har\u00eda colabora en las II Jornadas \u2018Tunera, tuno y cochinilla\u2019"},"content":{"rendered":"<p>El Ayuntamiento de Har\u00eda colaborar\u00e1 del 30 de noviembre al 2 de diciembre en la organizaci\u00f3n de las II Jornadas \u2018Tunera, tuno y cochinilla\u2019. De la mano de la Asociaci\u00f3n Milana y del Cabildo de Lanzarote, el CSC Taiga de Guatiza acoger\u00e1 esta iniciativa que abordar\u00e1 principalmente el desarrollo sostenible y econom\u00eda circular y la tunera como alimento multiprop\u00f3sito.<\/p>\n<p>El acto de inauguraci\u00f3n de las jornadas se celebrar\u00e1 el 30 de noviembre, a las 17:00 horas, y a este asistir\u00e1 el alcalde de Har\u00eda, Alfredo Villalba, junto a la consejera de Artesan\u00eda, Aroa Revelo; la alcaldesa de Teguise, Olivia Duque, y a la presidenta de la Asociaci\u00f3n Milana, Chana Perera.<\/p>\n<p>Las diferentes conferencias, coloquios y talleres que tendr\u00e1n lugar durante estos d\u00edas se centrar\u00e1n en analizar la situaci\u00f3n del cultivo de la tunera, presentar posibles soluciones a los problemas de este, fomentar el cultivo de la tunera y realizar un escrito conjunto con recomendaciones a partir de las jornadas para presentar a distintos organismos.<\/p>\n","protected":false},"excerpt":{"rendered":"<p>El Ayuntamiento de Har\u00eda colaborar\u00e1 del 30 de noviembre al 2 de diciembre en la organizaci\u00f3n de las II Jornadas \u2018Tunera, tuno y cochinilla\u2019. De la mano de la Asociaci\u00f3n Milana y del Cabildo de Lanzarote, el CSC Taiga de Guatiza acoger\u00e1 esta iniciativa que abordar\u00e1 principalmente el desarrollo sostenible y econom\u00eda circular y la [&hellip;]<\/p>\n","protected":false},"author":13,"featured_media":28663,"comment_status":"closed","ping_status":"closed","sticky":false,"template":"","format":"standard","meta":{"footnotes":""},"categories":[73,32,11],"tags":[],"class_list":["post-28662","post","type-post","status-publish","format-standard","has-post-thumbnail","hentry","category-alcaldia","category-anuncios","category-hoja-de-haria"],"_links":{"self":[{"href":"https:\/\/www.ayuntamientodeharia.com\/haria\/wp-json\/wp\/v2\/posts\/28662","targetHints":{"allow":["GET"]}}],"collection":[{"href":"https:\/\/www.ayuntamientodeharia.com\/haria\/wp-json\/wp\/v2\/posts"}],"about":[{"href":"https:\/\/www.ayuntamientodeharia.com\/haria\/wp-json\/wp\/v2\/types\/post"}],"author":[{"embeddable":true,"href":"https:\/\/www.ayuntamientodeharia.com\/haria\/wp-json\/wp\/v2\/users\/13"}],"replies":[{"embeddable":true,"href":"https:\/\/www.ayuntamientodeharia.com\/haria\/wp-json\/wp\/v2\/comments?post=28662"}],"version-history":[{"count":1,"href":"https:\/\/www.ayuntamientodeharia.com\/haria\/wp-json\/wp\/v2\/posts\/28662\/revisions"}],"predecessor-version":[{"id":28664,"href":"https:\/\/www.ayuntamientodeharia.com\/haria\/wp-json\/wp\/v2\/posts\/28662\/revisions\/28664"}],"wp:featuredmedia":[{"embeddable":true,"href":"https:\/\/www.ayuntamientodeharia.com\/haria\/wp-json\/wp\/v2\/media\/28663"}],"wp:attachment":[{"href":"https:\/\/www.ayuntamientodeharia.com\/haria\/wp-json\/wp\/v2\/media?parent=28662"}],"wp:term":[{"taxonomy":"category","embeddable":true,"href":"https:\/\/www.ayuntamientodeharia.com\/haria\/wp-json\/wp\/v2\/categories?post=28662"},{"taxonomy":"post_tag","embeddable":true,"href":"https:\/\/www.ayuntamientodeharia.com\/haria\/wp-json\/wp\/v2\/tags?post=28662"}],"curies":[{"name":"wp","href":"https:\/\/api.w.org\/{rel}","templated":true}]}}