{"id":28658,"date":"2023-11-24T14:12:30","date_gmt":"2023-11-24T14:12:30","guid":{"rendered":"https:\/\/www.ayuntamientodeharia.com\/haria\/?p=28658"},"modified":"2023-11-24T14:12:30","modified_gmt":"2023-11-24T14:12:30","slug":"haria-enciende-sus-luces-navidenas","status":"publish","type":"post","link":"https:\/\/www.ayuntamientodeharia.com\/haria\/haria-enciende-sus-luces-navidenas\/","title":{"rendered":"Har\u00eda enciende sus luces navide\u00f1as"},"content":{"rendered":"<p>El Ayuntamiento de Har\u00eda comunica que el pr\u00f3ximo viernes, 1 de diciembre, a las 18:30 horas, se llevar\u00e1 a cabo el encendido de las luces navide\u00f1as. Adem\u00e1s, habr\u00e1 una actuaci\u00f3n del Rancho de Pascua de Har\u00eda.<\/p>\n","protected":false},"excerpt":{"rendered":"<p>El Ayuntamiento de Har\u00eda comunica que el pr\u00f3ximo viernes, 1 de diciembre, a las 18:30 horas, se llevar\u00e1 a cabo el encendido de las luces navide\u00f1as. Adem\u00e1s, habr\u00e1 una actuaci\u00f3n del Rancho de Pascua de Har\u00eda.<\/p>\n","protected":false},"author":13,"featured_media":28660,"comment_status":"closed","ping_status":"closed","sticky":false,"template":"","format":"standard","meta":{"footnotes":""},"categories":[32,11],"tags":[],"class_list":["post-28658","post","type-post","status-publish","format-standard","has-post-thumbnail","hentry","category-anuncios","category-hoja-de-haria"],"_links":{"self":[{"href":"https:\/\/www.ayuntamientodeharia.com\/haria\/wp-json\/wp\/v2\/posts\/28658","targetHints":{"allow":["GET"]}}],"collection":[{"href":"https:\/\/www.ayuntamientodeharia.com\/haria\/wp-json\/wp\/v2\/posts"}],"about":[{"href":"https:\/\/www.ayuntamientodeharia.com\/haria\/wp-json\/wp\/v2\/types\/post"}],"author":[{"embeddable":true,"href":"https:\/\/www.ayuntamientodeharia.com\/haria\/wp-json\/wp\/v2\/users\/13"}],"replies":[{"embeddable":true,"href":"https:\/\/www.ayuntamientodeharia.com\/haria\/wp-json\/wp\/v2\/comments?post=28658"}],"version-history":[{"count":1,"href":"https:\/\/www.ayuntamientodeharia.com\/haria\/wp-json\/wp\/v2\/posts\/28658\/revisions"}],"predecessor-version":[{"id":28661,"href":"https:\/\/www.ayuntamientodeharia.com\/haria\/wp-json\/wp\/v2\/posts\/28658\/revisions\/28661"}],"wp:featuredmedia":[{"embeddable":true,"href":"https:\/\/www.ayuntamientodeharia.com\/haria\/wp-json\/wp\/v2\/media\/28660"}],"wp:attachment":[{"href":"https:\/\/www.ayuntamientodeharia.com\/haria\/wp-json\/wp\/v2\/media?parent=28658"}],"wp:term":[{"taxonomy":"category","embeddable":true,"href":"https:\/\/www.ayuntamientodeharia.com\/haria\/wp-json\/wp\/v2\/categories?post=28658"},{"taxonomy":"post_tag","embeddable":true,"href":"https:\/\/www.ayuntamientodeharia.com\/haria\/wp-json\/wp\/v2\/tags?post=28658"}],"curies":[{"name":"wp","href":"https:\/\/api.w.org\/{rel}","templated":true}]}}