{"id":28644,"date":"2023-11-24T14:05:59","date_gmt":"2023-11-24T14:05:59","guid":{"rendered":"https:\/\/www.ayuntamientodeharia.com\/haria\/?p=28644"},"modified":"2023-11-24T14:05:59","modified_gmt":"2023-11-24T14:05:59","slug":"julia-otero-visita-haria-con-motivo-de-la-celebracion-de-la-muestra-de-cine-de-lanzarote","status":"publish","type":"post","link":"https:\/\/www.ayuntamientodeharia.com\/haria\/julia-otero-visita-haria-con-motivo-de-la-celebracion-de-la-muestra-de-cine-de-lanzarote\/","title":{"rendered":"Julia Otero visita Har\u00eda con motivo de la celebraci\u00f3n de la Muestra de Cine de Lanzarote"},"content":{"rendered":"<p>La periodista Julia Otero visitar\u00e1 el pr\u00f3ximo 28 de noviembre los Jameos del Agua, en el municipio de Har\u00eda, con motivo de la celebraci\u00f3n de la Muestra de Cine de Lanzarote.<\/p>\n<p>En el marco de este proyecto, la famosa locutora de radio dirigir\u00e1 su reconocido programa Julia en la Onda desde este enclave \u00fanico en la Isla a partir de las 14:00 horas.<\/p>\n","protected":false},"excerpt":{"rendered":"<p>La periodista Julia Otero visitar\u00e1 el pr\u00f3ximo 28 de noviembre los Jameos del Agua, en el municipio de Har\u00eda, con motivo de la celebraci\u00f3n de la Muestra de Cine de Lanzarote. En el marco de este proyecto, la famosa locutora de radio dirigir\u00e1 su reconocido programa Julia en la Onda desde este enclave \u00fanico en [&hellip;]<\/p>\n","protected":false},"author":13,"featured_media":28645,"comment_status":"closed","ping_status":"closed","sticky":false,"template":"","format":"standard","meta":{"footnotes":""},"categories":[32,16,11],"tags":[],"class_list":["post-28644","post","type-post","status-publish","format-standard","has-post-thumbnail","hentry","category-anuncios","category-cultura","category-hoja-de-haria"],"_links":{"self":[{"href":"https:\/\/www.ayuntamientodeharia.com\/haria\/wp-json\/wp\/v2\/posts\/28644","targetHints":{"allow":["GET"]}}],"collection":[{"href":"https:\/\/www.ayuntamientodeharia.com\/haria\/wp-json\/wp\/v2\/posts"}],"about":[{"href":"https:\/\/www.ayuntamientodeharia.com\/haria\/wp-json\/wp\/v2\/types\/post"}],"author":[{"embeddable":true,"href":"https:\/\/www.ayuntamientodeharia.com\/haria\/wp-json\/wp\/v2\/users\/13"}],"replies":[{"embeddable":true,"href":"https:\/\/www.ayuntamientodeharia.com\/haria\/wp-json\/wp\/v2\/comments?post=28644"}],"version-history":[{"count":1,"href":"https:\/\/www.ayuntamientodeharia.com\/haria\/wp-json\/wp\/v2\/posts\/28644\/revisions"}],"predecessor-version":[{"id":28646,"href":"https:\/\/www.ayuntamientodeharia.com\/haria\/wp-json\/wp\/v2\/posts\/28644\/revisions\/28646"}],"wp:featuredmedia":[{"embeddable":true,"href":"https:\/\/www.ayuntamientodeharia.com\/haria\/wp-json\/wp\/v2\/media\/28645"}],"wp:attachment":[{"href":"https:\/\/www.ayuntamientodeharia.com\/haria\/wp-json\/wp\/v2\/media?parent=28644"}],"wp:term":[{"taxonomy":"category","embeddable":true,"href":"https:\/\/www.ayuntamientodeharia.com\/haria\/wp-json\/wp\/v2\/categories?post=28644"},{"taxonomy":"post_tag","embeddable":true,"href":"https:\/\/www.ayuntamientodeharia.com\/haria\/wp-json\/wp\/v2\/tags?post=28644"}],"curies":[{"name":"wp","href":"https:\/\/api.w.org\/{rel}","templated":true}]}}