{"id":28453,"date":"2023-11-10T15:54:23","date_gmt":"2023-11-10T15:54:23","guid":{"rendered":"https:\/\/www.ayuntamientodeharia.com\/haria\/?p=28453"},"modified":"2023-11-10T15:54:23","modified_gmt":"2023-11-10T15:54:23","slug":"mas-de-600-atletas-participaran-en-la-tercera-edicion-de-la-carrera-haria-titan","status":"publish","type":"post","link":"https:\/\/www.ayuntamientodeharia.com\/haria\/mas-de-600-atletas-participaran-en-la-tercera-edicion-de-la-carrera-haria-titan\/","title":{"rendered":"M\u00e1s de 600 atletas participar\u00e1n en la tercera edici\u00f3n de la carrera Har\u00eda Tit\u00e1n"},"content":{"rendered":"<p>El Ayuntamiento de Har\u00eda present\u00f3 la tercera edici\u00f3n de la carrera de trail Har\u00eda Tit\u00e1n, en la que participar\u00e1n m\u00e1s de 600 atletas de todo el mundo. La prueba se desarrollar\u00e1 el pr\u00f3ximo 18 de noviembre y promete ser un nuevo \u00e9xito que consolide el municipio como la capital del trail en Lanzarote.<\/p>\n<p>Al acto de presentaci\u00f3n acudi\u00f3 el alcalde de Har\u00eda, Alfredo Villalba; el consejero de Seguridad y Emergencias del Cabildo de Lanzarote, Kiko Aparicio; el secretario del Club HTT, Alejandro Hern\u00e1ndez, y el corredor del HTT, Albi Cedr\u00e9s, entre otros.<\/p>\n<p>El alcalde de Har\u00eda, Alfredo Villalba, se\u00f1al\u00f3 que esta edici\u00f3n se va a celebrar \u201csobre todo por la gran voluntad que ha puesto desde el principio el HTT y concejales del grupo de Gobierno\u201d. Villalba resalta que \u201ces necesario hacer un esfuerzo, porque esta prueba repercute positivamente en la econom\u00eda del municipio y fomenta la pr\u00e1ctica deportiva\u201d.<\/p>\n<p>La Har\u00eda Tit\u00e1n vuelve un a\u00f1o m\u00e1s con su modalidad reina de 42, 22 y 14 kil\u00f3metros, circuitos que abarcan diferentes perfiles de corredores, con la marat\u00f3n para los deportistas m\u00e1s exigentes, as\u00ed como como la modalidad de 22 km para los amantes del trail experimentados y la Har\u00eda Titan Trail Joven de 14 km, que tambi\u00e9n servir\u00e1 de escenario para amateurs e iniciados de todas las edades.<\/p>\n<p>Cabe destacar que la fiesta del trail llegar\u00e1 al municipio norte\u00f1o desde el viernes, 17 de noviembre, con la \u2018Chinij@ Har\u00eda Tit\u00e1n\u2019, que comenzar\u00e1 a las 17:00 horas y que servir\u00e1 como pre\u00e1mbulo al esperado pistoletazo de salida del 18 noviembre, que arrancar\u00e1 desde las 7:00 horas con la modalidad de 42 km, para dar paso una hora despu\u00e9s a la media marat\u00f3n. A las 9:00 horas ser\u00e1 el turno del tambi\u00e9n emocionante circuito de 14 km.<\/p>\n","protected":false},"excerpt":{"rendered":"<p>El Ayuntamiento de Har\u00eda present\u00f3 la tercera edici\u00f3n de la carrera de trail Har\u00eda Tit\u00e1n, en la que participar\u00e1n m\u00e1s de 600 atletas de todo el mundo. La prueba se desarrollar\u00e1 el pr\u00f3ximo 18 de noviembre y promete ser un nuevo \u00e9xito que consolide el municipio como la capital del trail en Lanzarote. Al acto [&hellip;]<\/p>\n","protected":false},"author":13,"featured_media":28454,"comment_status":"closed","ping_status":"closed","sticky":false,"template":"","format":"standard","meta":{"footnotes":""},"categories":[17,425,11],"tags":[],"class_list":["post-28453","post","type-post","status-publish","format-standard","has-post-thumbnail","hentry","category-deportes","category-destacado","category-hoja-de-haria"],"_links":{"self":[{"href":"https:\/\/www.ayuntamientodeharia.com\/haria\/wp-json\/wp\/v2\/posts\/28453","targetHints":{"allow":["GET"]}}],"collection":[{"href":"https:\/\/www.ayuntamientodeharia.com\/haria\/wp-json\/wp\/v2\/posts"}],"about":[{"href":"https:\/\/www.ayuntamientodeharia.com\/haria\/wp-json\/wp\/v2\/types\/post"}],"author":[{"embeddable":true,"href":"https:\/\/www.ayuntamientodeharia.com\/haria\/wp-json\/wp\/v2\/users\/13"}],"replies":[{"embeddable":true,"href":"https:\/\/www.ayuntamientodeharia.com\/haria\/wp-json\/wp\/v2\/comments?post=28453"}],"version-history":[{"count":1,"href":"https:\/\/www.ayuntamientodeharia.com\/haria\/wp-json\/wp\/v2\/posts\/28453\/revisions"}],"predecessor-version":[{"id":28455,"href":"https:\/\/www.ayuntamientodeharia.com\/haria\/wp-json\/wp\/v2\/posts\/28453\/revisions\/28455"}],"wp:featuredmedia":[{"embeddable":true,"href":"https:\/\/www.ayuntamientodeharia.com\/haria\/wp-json\/wp\/v2\/media\/28454"}],"wp:attachment":[{"href":"https:\/\/www.ayuntamientodeharia.com\/haria\/wp-json\/wp\/v2\/media?parent=28453"}],"wp:term":[{"taxonomy":"category","embeddable":true,"href":"https:\/\/www.ayuntamientodeharia.com\/haria\/wp-json\/wp\/v2\/categories?post=28453"},{"taxonomy":"post_tag","embeddable":true,"href":"https:\/\/www.ayuntamientodeharia.com\/haria\/wp-json\/wp\/v2\/tags?post=28453"}],"curies":[{"name":"wp","href":"https:\/\/api.w.org\/{rel}","templated":true}]}}