{"id":28442,"date":"2023-11-10T15:44:13","date_gmt":"2023-11-10T15:44:13","guid":{"rendered":"https:\/\/www.ayuntamientodeharia.com\/haria\/?p=28442"},"modified":"2023-11-10T15:44:13","modified_gmt":"2023-11-10T15:44:13","slug":"haria-acoge-la-clausura-del-festival-de-danza-traslacion","status":"publish","type":"post","link":"https:\/\/www.ayuntamientodeharia.com\/haria\/haria-acoge-la-clausura-del-festival-de-danza-traslacion\/","title":{"rendered":"Har\u00eda acoge la clausura del Festival de Danza \u2018Traslaci\u00f3n\u2019"},"content":{"rendered":"<p>El Ayuntamiento de Har\u00eda, a trav\u00e9s del \u00c1rea de Cultura que coordina Paula Montero, anuncia que este s\u00e1bado, 11 de noviembre, la Plaza acoger\u00e1 la jornada de clausura de la quinta edici\u00f3n del Festival de Danza \u2018Traslaci\u00f3n\u2019.<\/p>\n<p>La sesi\u00f3n estar\u00e1 compuesta por cuatro espect\u00e1culos protagonizados por \u2018Dormu \u2013 Indalecio Sura\u2019, de Andaluc\u00eda; Ikigai \u2013 Natalia Medina C\u00eda, de Gran Canaria, y por \u2018Samsara\u2019 (Chey Jurado y Javito Mario), de Extremadura.<\/p>\n<p>El evento dar\u00e1 comienzo a las 12:00 horas y todas las personas que quieran disfrutar de las actuaciones podr\u00e1n hacerlo de manera gratuita.<\/p>\n","protected":false},"excerpt":{"rendered":"<p>El Ayuntamiento de Har\u00eda, a trav\u00e9s del \u00c1rea de Cultura que coordina Paula Montero, anuncia que este s\u00e1bado, 11 de noviembre, la Plaza acoger\u00e1 la jornada de clausura de la quinta edici\u00f3n del Festival de Danza \u2018Traslaci\u00f3n\u2019. La sesi\u00f3n estar\u00e1 compuesta por cuatro espect\u00e1culos protagonizados por \u2018Dormu \u2013 Indalecio Sura\u2019, de Andaluc\u00eda; Ikigai \u2013 Natalia [&hellip;]<\/p>\n","protected":false},"author":13,"featured_media":28443,"comment_status":"closed","ping_status":"closed","sticky":false,"template":"","format":"standard","meta":{"footnotes":""},"categories":[16,11],"tags":[],"class_list":["post-28442","post","type-post","status-publish","format-standard","has-post-thumbnail","hentry","category-cultura","category-hoja-de-haria"],"_links":{"self":[{"href":"https:\/\/www.ayuntamientodeharia.com\/haria\/wp-json\/wp\/v2\/posts\/28442","targetHints":{"allow":["GET"]}}],"collection":[{"href":"https:\/\/www.ayuntamientodeharia.com\/haria\/wp-json\/wp\/v2\/posts"}],"about":[{"href":"https:\/\/www.ayuntamientodeharia.com\/haria\/wp-json\/wp\/v2\/types\/post"}],"author":[{"embeddable":true,"href":"https:\/\/www.ayuntamientodeharia.com\/haria\/wp-json\/wp\/v2\/users\/13"}],"replies":[{"embeddable":true,"href":"https:\/\/www.ayuntamientodeharia.com\/haria\/wp-json\/wp\/v2\/comments?post=28442"}],"version-history":[{"count":1,"href":"https:\/\/www.ayuntamientodeharia.com\/haria\/wp-json\/wp\/v2\/posts\/28442\/revisions"}],"predecessor-version":[{"id":28444,"href":"https:\/\/www.ayuntamientodeharia.com\/haria\/wp-json\/wp\/v2\/posts\/28442\/revisions\/28444"}],"wp:featuredmedia":[{"embeddable":true,"href":"https:\/\/www.ayuntamientodeharia.com\/haria\/wp-json\/wp\/v2\/media\/28443"}],"wp:attachment":[{"href":"https:\/\/www.ayuntamientodeharia.com\/haria\/wp-json\/wp\/v2\/media?parent=28442"}],"wp:term":[{"taxonomy":"category","embeddable":true,"href":"https:\/\/www.ayuntamientodeharia.com\/haria\/wp-json\/wp\/v2\/categories?post=28442"},{"taxonomy":"post_tag","embeddable":true,"href":"https:\/\/www.ayuntamientodeharia.com\/haria\/wp-json\/wp\/v2\/tags?post=28442"}],"curies":[{"name":"wp","href":"https:\/\/api.w.org\/{rel}","templated":true}]}}