{"id":28363,"date":"2023-10-27T14:54:36","date_gmt":"2023-10-27T13:54:36","guid":{"rendered":"https:\/\/www.ayuntamientodeharia.com\/haria\/?p=28363"},"modified":"2023-10-27T14:54:36","modified_gmt":"2023-10-27T13:54:36","slug":"haria-considera-incomprensible-el-no-de-sanidad-a-incorporar-el-punto-de-atencion-continuada-24-horas-en-el-centro-de-salud-de-mala","status":"publish","type":"post","link":"https:\/\/www.ayuntamientodeharia.com\/haria\/haria-considera-incomprensible-el-no-de-sanidad-a-incorporar-el-punto-de-atencion-continuada-24-horas-en-el-centro-de-salud-de-mala\/","title":{"rendered":"Har\u00eda considera incomprensible el no de Sanidad a incorporar el Punto de Atenci\u00f3n Continuada 24 horas en el Centro de Salud de Mala"},"content":{"rendered":"<p>El grupo de Gobierno del Ayuntamiento de Har\u00eda, conformado por PSOE, CxH y NC, ha querido salir al paso de las declaraciones de la consejera de Sanidad del Gobierno de Canarias, Esther Monz\u00f3n, al anunciar el pasado viernes que finalmente no se incorporar\u00e1 el servicio de urgencias 24 horas en el Centro de Salud de Mala, ni la ambulancia sanitarizada permanente en la localidad de Arrieta. Dos demandas que se hab\u00edan aprobado en julio del a\u00f1o pasado en el Parlamento de Canarias a trav\u00e9s de una Proposici\u00f3n No de Ley.<\/p>\n<p>Para el ejecutivo local, esta \u201cmala\u201d noticia llega en un momento en el que \u201cla comarca norte necesita de medios sanitarios de respuesta r\u00e1pida para hacer frente a la llegada de embarcaciones de inmigrantes; la alta cantidad de turistas que visitan el norte a diario; y la cada vez mayor poblaci\u00f3n longeva residente que est\u00e1n solas\u201d.<\/p>\n<p>El alcalde de Har\u00eda, Alfredo Villalba, explica que &#8220;la salud y el bienestar de nuestros residentes y vecinos son nuestra principal preocupaci\u00f3n por lo que los servicios de urgencia son esenciales y deben estar disponibles para quienes los necesiten\u201d.<\/p>\n<p>Seg\u00fan el concejal de Sanidad, Marcos Lemes, los argumentos de la consejera son \u201cincomprensibles\u201d, puesto que \u201cest\u00e1n alejados de la realidad que vivimos diariamente en el norte de la isla\u201d.<\/p>\n<p>Asimismo, la primera teniente de alcalde Chaxiraxi Niz, indica que desde el Ayuntamiento continuaremos trabajando asegurar que nuestros vecinos y visitantes cuenten con un medio medicalizado que haga frente a las demandas.<\/p>\n<p>\u201cLa consejera expone que de media se atiende a un paciente al d\u00eda en las urgencias de Valterra procedente de la Zona B\u00e1sica de Salud Har\u00eda-Mala. Quitando que solo por salvar una vida ya est\u00e1 justificado el servicio, no tiene en cuenta a los vecinos que van directos al Hospital Molina Orosa; las urgencias que necesitan servicio de ambulancia; o los propios ciudadanos que no se trasladan para no tener que ir a Arrecife o porque simplemente no tienen quien los lleve\u201d.<\/p>\n<p>De la misma manera, el grupo de Gobierno ve una \u201cfalta de rigurosidad en los datos, puesto que el servicio de urgencias no s\u00f3lo estar\u00eda a disposici\u00f3n de los residentes en el municipio de Har\u00eda, sino de los vecinos de los pueblos colindantes de Teguise, adem\u00e1s de La Graciosa\u201d.<\/p>\n<p>\u201cNo tiene sentido que la sanidad p\u00fablica se rige por criterios economicistas. Si es por eso, los aeropuertos no deber\u00edan tener servicio de bomberos dada la baja actividad que tienen. Sin embargo, deben estar por criterios de prevenci\u00f3n\u201d, ejemplifica Marcos Lemes.<\/p>\n<p>As\u00ed, el grupo de gobierno considera una actitud poco leal con el pueblo del norte de Lanzarote, que sigue desamparado en materia de servicios esenciales\u201d. Por otro parte, adelantan que seguir\u00e1n insistiendo \u201cdonde haga falta\u201d para que se cumpla con lo aprobado por el Parlamento de Canarias.<\/p>\n","protected":false},"excerpt":{"rendered":"<p>El grupo de Gobierno del Ayuntamiento de Har\u00eda, conformado por PSOE, CxH y NC, ha querido salir al paso de las declaraciones de la consejera de Sanidad del Gobierno de Canarias, Esther Monz\u00f3n, al anunciar el pasado viernes que finalmente no se incorporar\u00e1 el servicio de urgencias 24 horas en el Centro de Salud de [&hellip;]<\/p>\n","protected":false},"author":13,"featured_media":26566,"comment_status":"closed","ping_status":"closed","sticky":false,"template":"","format":"standard","meta":{"footnotes":""},"categories":[11],"tags":[],"class_list":["post-28363","post","type-post","status-publish","format-standard","has-post-thumbnail","hentry","category-hoja-de-haria"],"_links":{"self":[{"href":"https:\/\/www.ayuntamientodeharia.com\/haria\/wp-json\/wp\/v2\/posts\/28363","targetHints":{"allow":["GET"]}}],"collection":[{"href":"https:\/\/www.ayuntamientodeharia.com\/haria\/wp-json\/wp\/v2\/posts"}],"about":[{"href":"https:\/\/www.ayuntamientodeharia.com\/haria\/wp-json\/wp\/v2\/types\/post"}],"author":[{"embeddable":true,"href":"https:\/\/www.ayuntamientodeharia.com\/haria\/wp-json\/wp\/v2\/users\/13"}],"replies":[{"embeddable":true,"href":"https:\/\/www.ayuntamientodeharia.com\/haria\/wp-json\/wp\/v2\/comments?post=28363"}],"version-history":[{"count":1,"href":"https:\/\/www.ayuntamientodeharia.com\/haria\/wp-json\/wp\/v2\/posts\/28363\/revisions"}],"predecessor-version":[{"id":28364,"href":"https:\/\/www.ayuntamientodeharia.com\/haria\/wp-json\/wp\/v2\/posts\/28363\/revisions\/28364"}],"wp:featuredmedia":[{"embeddable":true,"href":"https:\/\/www.ayuntamientodeharia.com\/haria\/wp-json\/wp\/v2\/media\/26566"}],"wp:attachment":[{"href":"https:\/\/www.ayuntamientodeharia.com\/haria\/wp-json\/wp\/v2\/media?parent=28363"}],"wp:term":[{"taxonomy":"category","embeddable":true,"href":"https:\/\/www.ayuntamientodeharia.com\/haria\/wp-json\/wp\/v2\/categories?post=28363"},{"taxonomy":"post_tag","embeddable":true,"href":"https:\/\/www.ayuntamientodeharia.com\/haria\/wp-json\/wp\/v2\/tags?post=28363"}],"curies":[{"name":"wp","href":"https:\/\/api.w.org\/{rel}","templated":true}]}}