{"id":28356,"date":"2023-10-27T14:48:59","date_gmt":"2023-10-27T13:48:59","guid":{"rendered":"https:\/\/www.ayuntamientodeharia.com\/haria\/?p=28356"},"modified":"2023-10-27T14:48:59","modified_gmt":"2023-10-27T13:48:59","slug":"la-federacion-canaria-de-baloncesto-convoca-al-entrenador-david-espineira-para-llevar-las-riendas-de-la-seleccion-insular-de-minibasket","status":"publish","type":"post","link":"https:\/\/www.ayuntamientodeharia.com\/haria\/la-federacion-canaria-de-baloncesto-convoca-al-entrenador-david-espineira-para-llevar-las-riendas-de-la-seleccion-insular-de-minibasket\/","title":{"rendered":"La Federaci\u00f3n Canaria de Baloncesto convoca al entrenador David Espi\u00f1eira para llevar las riendas de la Selecci\u00f3n insular de Minibasket"},"content":{"rendered":"<p>El Ayuntamiento de Har\u00eda felicita al entrenador del Club Baloncesto Har\u00eda David Espi\u00f1eira tras haber sido convocado por as Federaci\u00f3n Canaria de Baloncesto con el fin de llevar las riendas de la Selecci\u00f3n insular de Minibasket de Lanzarote.<\/p>\n<p>El cuerpo t\u00e9cnico de dicha selecci\u00f3n estar\u00e1 formado por el primer entrenador David Espi\u00f1eira Maz\u00e1s del C.B. Har\u00eda, y la segunda entrenadora Gara Gonz\u00e1lez Rodr\u00edguez, del C.B. Ariagona.<\/p>\n<p>Desde la Concejal\u00eda de Deportes queremos felicitar al club y a David por esta designaci\u00f3n.<\/p>\n","protected":false},"excerpt":{"rendered":"<p>El Ayuntamiento de Har\u00eda felicita al entrenador del Club Baloncesto Har\u00eda David Espi\u00f1eira tras haber sido convocado por as Federaci\u00f3n Canaria de Baloncesto con el fin de llevar las riendas de la Selecci\u00f3n insular de Minibasket de Lanzarote. El cuerpo t\u00e9cnico de dicha selecci\u00f3n estar\u00e1 formado por el primer entrenador David Espi\u00f1eira Maz\u00e1s del C.B. [&hellip;]<\/p>\n","protected":false},"author":13,"featured_media":28357,"comment_status":"closed","ping_status":"closed","sticky":false,"template":"","format":"standard","meta":{"footnotes":""},"categories":[11],"tags":[],"class_list":["post-28356","post","type-post","status-publish","format-standard","has-post-thumbnail","hentry","category-hoja-de-haria"],"_links":{"self":[{"href":"https:\/\/www.ayuntamientodeharia.com\/haria\/wp-json\/wp\/v2\/posts\/28356","targetHints":{"allow":["GET"]}}],"collection":[{"href":"https:\/\/www.ayuntamientodeharia.com\/haria\/wp-json\/wp\/v2\/posts"}],"about":[{"href":"https:\/\/www.ayuntamientodeharia.com\/haria\/wp-json\/wp\/v2\/types\/post"}],"author":[{"embeddable":true,"href":"https:\/\/www.ayuntamientodeharia.com\/haria\/wp-json\/wp\/v2\/users\/13"}],"replies":[{"embeddable":true,"href":"https:\/\/www.ayuntamientodeharia.com\/haria\/wp-json\/wp\/v2\/comments?post=28356"}],"version-history":[{"count":1,"href":"https:\/\/www.ayuntamientodeharia.com\/haria\/wp-json\/wp\/v2\/posts\/28356\/revisions"}],"predecessor-version":[{"id":28358,"href":"https:\/\/www.ayuntamientodeharia.com\/haria\/wp-json\/wp\/v2\/posts\/28356\/revisions\/28358"}],"wp:featuredmedia":[{"embeddable":true,"href":"https:\/\/www.ayuntamientodeharia.com\/haria\/wp-json\/wp\/v2\/media\/28357"}],"wp:attachment":[{"href":"https:\/\/www.ayuntamientodeharia.com\/haria\/wp-json\/wp\/v2\/media?parent=28356"}],"wp:term":[{"taxonomy":"category","embeddable":true,"href":"https:\/\/www.ayuntamientodeharia.com\/haria\/wp-json\/wp\/v2\/categories?post=28356"},{"taxonomy":"post_tag","embeddable":true,"href":"https:\/\/www.ayuntamientodeharia.com\/haria\/wp-json\/wp\/v2\/tags?post=28356"}],"curies":[{"name":"wp","href":"https:\/\/api.w.org\/{rel}","templated":true}]}}