{"id":28354,"date":"2023-10-27T14:46:44","date_gmt":"2023-10-27T13:46:44","guid":{"rendered":"https:\/\/www.ayuntamientodeharia.com\/haria\/?p=28354"},"modified":"2023-10-27T14:46:44","modified_gmt":"2023-10-27T13:46:44","slug":"el-proyecto-desarrolla-tea-ofrecera-a-los-centros-educativos-del-municipio-recursos-de-apoyo-al-alumnado-neae","status":"publish","type":"post","link":"https:\/\/www.ayuntamientodeharia.com\/haria\/el-proyecto-desarrolla-tea-ofrecera-a-los-centros-educativos-del-municipio-recursos-de-apoyo-al-alumnado-neae\/","title":{"rendered":"El proyecto Desarrolla-TEA ofrecer\u00e1 a los centros educativos del municipio recursos de apoyo al alumnado NEAE"},"content":{"rendered":"<p>El Ayuntamiento de Har\u00eda, a trav\u00e9s de la Concejal\u00eda de Educaci\u00f3n, que coordina, Paula Montero, ha comenzado la implantaci\u00f3n del proyecto denominado Desarrolla-TEA, cuyo objetivo es ofrecer a los centros escolares del municipio recursos, materiales de apoyo metodol\u00f3gico y talleres o jornadas formativas destinadas a favorecer la inclusi\u00f3n del alumnado NEAE.<\/p>\n<p>La concejala responsable del \u00c1rea, explica que este programa dotar\u00e1 de pictogramas de se\u00f1alizaci\u00f3n cada uno de los centros escolares. \u201cContinuamos con el compromiso de fortalecer la educaci\u00f3n inclusiva en nuestro municipio. El proyecto &#8216;Desarrolla-TEA&#8217; es una prueba de ello que brinda a todos los estudiantes las oportunidades que merecen\u201d, se\u00f1ala.<\/p>\n<p>Esta dotaci\u00f3n de recursos y propuestas formativas ser\u00e1 realizar\u00e1 por parte del Consistorio siempre bajo demanda y necesidad de cada centro educativo.<\/p>\n","protected":false},"excerpt":{"rendered":"<p>El Ayuntamiento de Har\u00eda, a trav\u00e9s de la Concejal\u00eda de Educaci\u00f3n, que coordina, Paula Montero, ha comenzado la implantaci\u00f3n del proyecto denominado Desarrolla-TEA, cuyo objetivo es ofrecer a los centros escolares del municipio recursos, materiales de apoyo metodol\u00f3gico y talleres o jornadas formativas destinadas a favorecer la inclusi\u00f3n del alumnado NEAE. La concejala responsable del [&hellip;]<\/p>\n","protected":false},"author":13,"featured_media":0,"comment_status":"closed","ping_status":"closed","sticky":false,"template":"","format":"standard","meta":{"footnotes":""},"categories":[11],"tags":[],"class_list":["post-28354","post","type-post","status-publish","format-standard","hentry","category-hoja-de-haria"],"_links":{"self":[{"href":"https:\/\/www.ayuntamientodeharia.com\/haria\/wp-json\/wp\/v2\/posts\/28354","targetHints":{"allow":["GET"]}}],"collection":[{"href":"https:\/\/www.ayuntamientodeharia.com\/haria\/wp-json\/wp\/v2\/posts"}],"about":[{"href":"https:\/\/www.ayuntamientodeharia.com\/haria\/wp-json\/wp\/v2\/types\/post"}],"author":[{"embeddable":true,"href":"https:\/\/www.ayuntamientodeharia.com\/haria\/wp-json\/wp\/v2\/users\/13"}],"replies":[{"embeddable":true,"href":"https:\/\/www.ayuntamientodeharia.com\/haria\/wp-json\/wp\/v2\/comments?post=28354"}],"version-history":[{"count":1,"href":"https:\/\/www.ayuntamientodeharia.com\/haria\/wp-json\/wp\/v2\/posts\/28354\/revisions"}],"predecessor-version":[{"id":28355,"href":"https:\/\/www.ayuntamientodeharia.com\/haria\/wp-json\/wp\/v2\/posts\/28354\/revisions\/28355"}],"wp:attachment":[{"href":"https:\/\/www.ayuntamientodeharia.com\/haria\/wp-json\/wp\/v2\/media?parent=28354"}],"wp:term":[{"taxonomy":"category","embeddable":true,"href":"https:\/\/www.ayuntamientodeharia.com\/haria\/wp-json\/wp\/v2\/categories?post=28354"},{"taxonomy":"post_tag","embeddable":true,"href":"https:\/\/www.ayuntamientodeharia.com\/haria\/wp-json\/wp\/v2\/tags?post=28354"}],"curies":[{"name":"wp","href":"https:\/\/api.w.org\/{rel}","templated":true}]}}