{"id":28351,"date":"2023-10-27T14:45:27","date_gmt":"2023-10-27T13:45:27","guid":{"rendered":"https:\/\/www.ayuntamientodeharia.com\/haria\/?p=28351"},"modified":"2023-10-27T14:45:27","modified_gmt":"2023-10-27T13:45:27","slug":"el-cepa-titerroygatra-participa-en-la-actuacion-creacion-de-una-red-de-centros-de-capacitacion-digital","status":"publish","type":"post","link":"https:\/\/www.ayuntamientodeharia.com\/haria\/el-cepa-titerroygatra-participa-en-la-actuacion-creacion-de-una-red-de-centros-de-capacitacion-digital\/","title":{"rendered":"El CEPA Titerroygatra participa en la actuaci\u00f3n Creaci\u00f3n de una red de Centros de Capacitaci\u00f3n Digital"},"content":{"rendered":"<p>El objetivo de esta actuaci\u00f3n es crear en Canarias un total de 58 aulas de capacitaci\u00f3n digital destinadas a impartir, de manera gratuita, formaci\u00f3n a la ciudadan\u00eda adulta con el objetivo de capacitar a la poblaci\u00f3n en las competencias digitales que le permitan desenvolverse con eficacia en la sociedad.<\/p>\n<p>La creaci\u00f3n de las aulas es una iniciativa perteneciente al Plan Nacional de Competencias Digitales (Digital Skills), del Plan de Recuperaci\u00f3n, Transformaci\u00f3n y Resiliencia (PRTR) \u2013 Financiado por la Uni\u00f3n Europea \u2013 NextGenerationEU.<\/p>\n<p>En este curso, que tendr\u00e1 una duraci\u00f3n de 30 horas y comenzar\u00e1 el pr\u00f3ximo 6 de noviembre, se ense\u00f1ar\u00e1 a obtener un certificado digital con el que realizar operaciones online, navegar de forma segura por internet y ser capaz de encontrar la informaci\u00f3n de inter\u00e9s, obtener una cuenta de correo electr\u00f3nico, realizar tr\u00e1mites con las administraciones y empresas, y uso de las principales redes sociales.<\/p>\n<p>Las personas interesadas podr\u00e1n informarse a trav\u00e9s del tel\u00e9fono 928 81 14 00\u00a0o en la Concejal\u00eda de Educaci\u00f3n del Ayuntamiento de Har\u00eda.<\/p>\n<p>Puede conocer m\u00e1s sobre esta iniciativa en la web de la Consejer\u00eda de Educaci\u00f3n, Formaci\u00f3n Profesional, Actividad F\u00edsica y Deportes:<\/p>\n<p><a href=\"https:\/\/www.gobiernodecanarias.org\/educacion\/web\/programas_cofinanciados\/nextgenerationeu\/plan-fp-crecimiento-economico-social-empleabilidad\/red-de-centros-de-capacitacion-digital\/\">https:\/\/www.gobiernodecanarias.org\/educacion\/web\/programas_cofinanciados\/nextgenerationeu\/plan-fp-crecimiento-economico-social-empleabilidad\/red-de-centros-de-capacitacion-digital\/<\/a><\/p>\n","protected":false},"excerpt":{"rendered":"<p>El objetivo de esta actuaci\u00f3n es crear en Canarias un total de 58 aulas de capacitaci\u00f3n digital destinadas a impartir, de manera gratuita, formaci\u00f3n a la ciudadan\u00eda adulta con el objetivo de capacitar a la poblaci\u00f3n en las competencias digitales que le permitan desenvolverse con eficacia en la sociedad. La creaci\u00f3n de las aulas es [&hellip;]<\/p>\n","protected":false},"author":13,"featured_media":28352,"comment_status":"closed","ping_status":"closed","sticky":false,"template":"","format":"standard","meta":{"footnotes":""},"categories":[11],"tags":[],"class_list":["post-28351","post","type-post","status-publish","format-standard","has-post-thumbnail","hentry","category-hoja-de-haria"],"_links":{"self":[{"href":"https:\/\/www.ayuntamientodeharia.com\/haria\/wp-json\/wp\/v2\/posts\/28351","targetHints":{"allow":["GET"]}}],"collection":[{"href":"https:\/\/www.ayuntamientodeharia.com\/haria\/wp-json\/wp\/v2\/posts"}],"about":[{"href":"https:\/\/www.ayuntamientodeharia.com\/haria\/wp-json\/wp\/v2\/types\/post"}],"author":[{"embeddable":true,"href":"https:\/\/www.ayuntamientodeharia.com\/haria\/wp-json\/wp\/v2\/users\/13"}],"replies":[{"embeddable":true,"href":"https:\/\/www.ayuntamientodeharia.com\/haria\/wp-json\/wp\/v2\/comments?post=28351"}],"version-history":[{"count":1,"href":"https:\/\/www.ayuntamientodeharia.com\/haria\/wp-json\/wp\/v2\/posts\/28351\/revisions"}],"predecessor-version":[{"id":28353,"href":"https:\/\/www.ayuntamientodeharia.com\/haria\/wp-json\/wp\/v2\/posts\/28351\/revisions\/28353"}],"wp:featuredmedia":[{"embeddable":true,"href":"https:\/\/www.ayuntamientodeharia.com\/haria\/wp-json\/wp\/v2\/media\/28352"}],"wp:attachment":[{"href":"https:\/\/www.ayuntamientodeharia.com\/haria\/wp-json\/wp\/v2\/media?parent=28351"}],"wp:term":[{"taxonomy":"category","embeddable":true,"href":"https:\/\/www.ayuntamientodeharia.com\/haria\/wp-json\/wp\/v2\/categories?post=28351"},{"taxonomy":"post_tag","embeddable":true,"href":"https:\/\/www.ayuntamientodeharia.com\/haria\/wp-json\/wp\/v2\/tags?post=28351"}],"curies":[{"name":"wp","href":"https:\/\/api.w.org\/{rel}","templated":true}]}}