{"id":28347,"date":"2023-10-27T14:44:02","date_gmt":"2023-10-27T13:44:02","guid":{"rendered":"https:\/\/www.ayuntamientodeharia.com\/haria\/?p=28347"},"modified":"2023-10-27T14:44:02","modified_gmt":"2023-10-27T13:44:02","slug":"el-festival-traslacion-continua-en-haria-con-el-taller-improdanza","status":"publish","type":"post","link":"https:\/\/www.ayuntamientodeharia.com\/haria\/el-festival-traslacion-continua-en-haria-con-el-taller-improdanza\/","title":{"rendered":"El Festival Traslaci\u00f3n contin\u00faa en Har\u00eda con el taller Improdanza"},"content":{"rendered":"<p>El Ayuntamiento de Har\u00eda, a trav\u00e9s del \u00c1rea de Cultura que coordina Paula Montero, invita a la poblaci\u00f3n del municipio a participar en el Festival Traslaci\u00f3n.<\/p>\n<p>El taller Improdanza se llevar\u00e1 a cabo el pr\u00f3ximo 31 de octubre, a las 18:30 horas, en la Plaza de Har\u00eda.<\/p>\n<p>Esta muestra de taller danza-teatro correr\u00e1 a cargo de Antonio Orellana y Acerina H. Toledo en colaboraci\u00f3n con Sonidos L\u00edquidos.<\/p>\n<p>Asimismo, Har\u00eda acoger\u00e1 los pr\u00f3ximos 2 y 3 de noviembre el taller \u2018El camino de los huesos\u2019 en el IES Har\u00eda y el 4 de noviembre la compa\u00f1\u00eda La Venidera representar\u00e1 en La Tegala, de 10:00 a 12:00 horas, el taller \u2018La Resonancia de la Danza Espa\u00f1ola\u2019.<\/p>\n","protected":false},"excerpt":{"rendered":"<p>El Ayuntamiento de Har\u00eda, a trav\u00e9s del \u00c1rea de Cultura que coordina Paula Montero, invita a la poblaci\u00f3n del municipio a participar en el Festival Traslaci\u00f3n. El taller Improdanza se llevar\u00e1 a cabo el pr\u00f3ximo 31 de octubre, a las 18:30 horas, en la Plaza de Har\u00eda. Esta muestra de taller danza-teatro correr\u00e1 a cargo [&hellip;]<\/p>\n","protected":false},"author":13,"featured_media":28348,"comment_status":"closed","ping_status":"closed","sticky":false,"template":"","format":"standard","meta":{"footnotes":""},"categories":[11],"tags":[],"class_list":["post-28347","post","type-post","status-publish","format-standard","has-post-thumbnail","hentry","category-hoja-de-haria"],"_links":{"self":[{"href":"https:\/\/www.ayuntamientodeharia.com\/haria\/wp-json\/wp\/v2\/posts\/28347","targetHints":{"allow":["GET"]}}],"collection":[{"href":"https:\/\/www.ayuntamientodeharia.com\/haria\/wp-json\/wp\/v2\/posts"}],"about":[{"href":"https:\/\/www.ayuntamientodeharia.com\/haria\/wp-json\/wp\/v2\/types\/post"}],"author":[{"embeddable":true,"href":"https:\/\/www.ayuntamientodeharia.com\/haria\/wp-json\/wp\/v2\/users\/13"}],"replies":[{"embeddable":true,"href":"https:\/\/www.ayuntamientodeharia.com\/haria\/wp-json\/wp\/v2\/comments?post=28347"}],"version-history":[{"count":1,"href":"https:\/\/www.ayuntamientodeharia.com\/haria\/wp-json\/wp\/v2\/posts\/28347\/revisions"}],"predecessor-version":[{"id":28350,"href":"https:\/\/www.ayuntamientodeharia.com\/haria\/wp-json\/wp\/v2\/posts\/28347\/revisions\/28350"}],"wp:featuredmedia":[{"embeddable":true,"href":"https:\/\/www.ayuntamientodeharia.com\/haria\/wp-json\/wp\/v2\/media\/28348"}],"wp:attachment":[{"href":"https:\/\/www.ayuntamientodeharia.com\/haria\/wp-json\/wp\/v2\/media?parent=28347"}],"wp:term":[{"taxonomy":"category","embeddable":true,"href":"https:\/\/www.ayuntamientodeharia.com\/haria\/wp-json\/wp\/v2\/categories?post=28347"},{"taxonomy":"post_tag","embeddable":true,"href":"https:\/\/www.ayuntamientodeharia.com\/haria\/wp-json\/wp\/v2\/tags?post=28347"}],"curies":[{"name":"wp","href":"https:\/\/api.w.org\/{rel}","templated":true}]}}