{"id":28228,"date":"2023-10-13T14:40:19","date_gmt":"2023-10-13T13:40:19","guid":{"rendered":"https:\/\/www.ayuntamientodeharia.com\/haria\/?p=28228"},"modified":"2023-10-13T14:40:19","modified_gmt":"2023-10-13T13:40:19","slug":"el-alumnado-del-ies-haria-disfruta-de-unas-jornadas-de-convivencia-en-fuerteventura","status":"publish","type":"post","link":"https:\/\/www.ayuntamientodeharia.com\/haria\/el-alumnado-del-ies-haria-disfruta-de-unas-jornadas-de-convivencia-en-fuerteventura\/","title":{"rendered":"El alumnado del IES Har\u00eda disfruta de unas jornadas de convivencia en Fuerteventura"},"content":{"rendered":"<p>El Ayuntamiento de Har\u00eda, a trav\u00e9s del \u00c1rea de Juventud que coordina Paula Montero, organiz\u00f3 unas jornadas de convivencia en Fuerteventura para el alumnado de 1\u00ba de ESO del IES Har\u00eda. Realizadas en el marco del Proyecto Maho Conexi\u00f3n 2023 y con la colaboraci\u00f3n del centro, los j\u00f3venes disfrutaron de tres d\u00edas de viaje en la isla vecina.<\/p>\n<p>El centro neur\u00e1lgico de la experiencia fue el Albergue de Tef\u00eda, donde los estudiantes \u00a0participaron en actividades\u00a0deportivas, culturales y etnogr\u00e1ficas.<\/p>\n<p>Entre los lugares visitados por el alumnado destacan el Ecomuseo La Alcogida en Tef\u00eda, la Presa de Los Molinos,\u00a0\u00a0el Yacimiento Arqueol\u00f3gico del Poblado de La Atalayita\u2013Centro de Interpretaci\u00f3n e Investigaci\u00f3n en Pozo Negro, el Centro de Interpretaci\u00f3n Batallas de El Cuchillete y Tamasite de Tuineje y el Museo Arqueol\u00f3gico Insular en Betancuria.<\/p>\n","protected":false},"excerpt":{"rendered":"<p>El Ayuntamiento de Har\u00eda, a trav\u00e9s del \u00c1rea de Juventud que coordina Paula Montero, organiz\u00f3 unas jornadas de convivencia en Fuerteventura para el alumnado de 1\u00ba de ESO del IES Har\u00eda. Realizadas en el marco del Proyecto Maho Conexi\u00f3n 2023 y con la colaboraci\u00f3n del centro, los j\u00f3venes disfrutaron de tres d\u00edas de viaje en [&hellip;]<\/p>\n","protected":false},"author":13,"featured_media":28229,"comment_status":"closed","ping_status":"closed","sticky":false,"template":"","format":"standard","meta":{"footnotes":""},"categories":[11,25],"tags":[],"class_list":["post-28228","post","type-post","status-publish","format-standard","has-post-thumbnail","hentry","category-hoja-de-haria","category-juventud"],"_links":{"self":[{"href":"https:\/\/www.ayuntamientodeharia.com\/haria\/wp-json\/wp\/v2\/posts\/28228","targetHints":{"allow":["GET"]}}],"collection":[{"href":"https:\/\/www.ayuntamientodeharia.com\/haria\/wp-json\/wp\/v2\/posts"}],"about":[{"href":"https:\/\/www.ayuntamientodeharia.com\/haria\/wp-json\/wp\/v2\/types\/post"}],"author":[{"embeddable":true,"href":"https:\/\/www.ayuntamientodeharia.com\/haria\/wp-json\/wp\/v2\/users\/13"}],"replies":[{"embeddable":true,"href":"https:\/\/www.ayuntamientodeharia.com\/haria\/wp-json\/wp\/v2\/comments?post=28228"}],"version-history":[{"count":1,"href":"https:\/\/www.ayuntamientodeharia.com\/haria\/wp-json\/wp\/v2\/posts\/28228\/revisions"}],"predecessor-version":[{"id":28230,"href":"https:\/\/www.ayuntamientodeharia.com\/haria\/wp-json\/wp\/v2\/posts\/28228\/revisions\/28230"}],"wp:featuredmedia":[{"embeddable":true,"href":"https:\/\/www.ayuntamientodeharia.com\/haria\/wp-json\/wp\/v2\/media\/28229"}],"wp:attachment":[{"href":"https:\/\/www.ayuntamientodeharia.com\/haria\/wp-json\/wp\/v2\/media?parent=28228"}],"wp:term":[{"taxonomy":"category","embeddable":true,"href":"https:\/\/www.ayuntamientodeharia.com\/haria\/wp-json\/wp\/v2\/categories?post=28228"},{"taxonomy":"post_tag","embeddable":true,"href":"https:\/\/www.ayuntamientodeharia.com\/haria\/wp-json\/wp\/v2\/tags?post=28228"}],"curies":[{"name":"wp","href":"https:\/\/api.w.org\/{rel}","templated":true}]}}