{"id":28219,"date":"2023-10-13T14:34:28","date_gmt":"2023-10-13T13:34:28","guid":{"rendered":"https:\/\/www.ayuntamientodeharia.com\/haria\/?p=28219"},"modified":"2023-10-13T14:34:28","modified_gmt":"2023-10-13T13:34:28","slug":"a-la-venta-las-entradas-de-la-nueva-edicion-del-festival-harionetas","status":"publish","type":"post","link":"https:\/\/www.ayuntamientodeharia.com\/haria\/a-la-venta-las-entradas-de-la-nueva-edicion-del-festival-harionetas\/","title":{"rendered":"A la venta las entradas de la nueva edici\u00f3n del festival \u2018Harionetas\u2019"},"content":{"rendered":"<p>El Ayuntamiento de Har\u00eda, a trav\u00e9s del \u00c1rea de Cultura que coordina Paula Montero, informa que las entradas de la nueva edici\u00f3n del festival \u2018Harionetas\u2019 ya est\u00e1n a la venta.<\/p>\n<p>La iniciativa se desarrollar\u00e1 del 23 al 26 de octubre en las aulas de los centros educativos de Har\u00eda y del 26 al 29 de octubre para el p\u00fablico general en localizaciones como la Sala Teatro \u2018La Tegala\u2019 y la Sala \u2018El Aljibe\u2019 de Har\u00eda.<\/p>\n<p>Para conocer m\u00e1s informaci\u00f3n y adquirir las entradas, deber\u00e1n acceder a la p\u00e1gina web de Cultura de Har\u00eda, a trav\u00e9s del enlace <a href=\"https:\/\/culturedharia.com\/harionetas\/\">https:\/\/culturedharia.com\/harionetas\/<\/a>.<\/p>\n","protected":false},"excerpt":{"rendered":"<p>El Ayuntamiento de Har\u00eda, a trav\u00e9s del \u00c1rea de Cultura que coordina Paula Montero, informa que las entradas de la nueva edici\u00f3n del festival \u2018Harionetas\u2019 ya est\u00e1n a la venta. La iniciativa se desarrollar\u00e1 del 23 al 26 de octubre en las aulas de los centros educativos de Har\u00eda y del 26 al 29 de [&hellip;]<\/p>\n","protected":false},"author":13,"featured_media":28220,"comment_status":"closed","ping_status":"closed","sticky":false,"template":"","format":"standard","meta":{"footnotes":""},"categories":[32,16,11],"tags":[],"class_list":["post-28219","post","type-post","status-publish","format-standard","has-post-thumbnail","hentry","category-anuncios","category-cultura","category-hoja-de-haria"],"_links":{"self":[{"href":"https:\/\/www.ayuntamientodeharia.com\/haria\/wp-json\/wp\/v2\/posts\/28219","targetHints":{"allow":["GET"]}}],"collection":[{"href":"https:\/\/www.ayuntamientodeharia.com\/haria\/wp-json\/wp\/v2\/posts"}],"about":[{"href":"https:\/\/www.ayuntamientodeharia.com\/haria\/wp-json\/wp\/v2\/types\/post"}],"author":[{"embeddable":true,"href":"https:\/\/www.ayuntamientodeharia.com\/haria\/wp-json\/wp\/v2\/users\/13"}],"replies":[{"embeddable":true,"href":"https:\/\/www.ayuntamientodeharia.com\/haria\/wp-json\/wp\/v2\/comments?post=28219"}],"version-history":[{"count":1,"href":"https:\/\/www.ayuntamientodeharia.com\/haria\/wp-json\/wp\/v2\/posts\/28219\/revisions"}],"predecessor-version":[{"id":28221,"href":"https:\/\/www.ayuntamientodeharia.com\/haria\/wp-json\/wp\/v2\/posts\/28219\/revisions\/28221"}],"wp:featuredmedia":[{"embeddable":true,"href":"https:\/\/www.ayuntamientodeharia.com\/haria\/wp-json\/wp\/v2\/media\/28220"}],"wp:attachment":[{"href":"https:\/\/www.ayuntamientodeharia.com\/haria\/wp-json\/wp\/v2\/media?parent=28219"}],"wp:term":[{"taxonomy":"category","embeddable":true,"href":"https:\/\/www.ayuntamientodeharia.com\/haria\/wp-json\/wp\/v2\/categories?post=28219"},{"taxonomy":"post_tag","embeddable":true,"href":"https:\/\/www.ayuntamientodeharia.com\/haria\/wp-json\/wp\/v2\/tags?post=28219"}],"curies":[{"name":"wp","href":"https:\/\/api.w.org\/{rel}","templated":true}]}}