{"id":2820,"date":"2015-11-09T08:04:24","date_gmt":"2015-11-09T08:04:24","guid":{"rendered":"http:\/\/www.ayuntamientodeharia.com\/haria\/?p=2820"},"modified":"2015-11-09T08:04:24","modified_gmt":"2015-11-09T08:04:24","slug":"los-vecinos-de-haria-afectados-por-las-lluvias-pueden-solicitar-ya-ayudas-por-los-enseres-danados","status":"publish","type":"post","link":"https:\/\/www.ayuntamientodeharia.com\/haria\/los-vecinos-de-haria-afectados-por-las-lluvias-pueden-solicitar-ya-ayudas-por-los-enseres-danados\/","title":{"rendered":"Los vecinos de Har\u00eda afectados por las lluvias pueden solicitar ya ayudas por los enseres da\u00f1ados"},"content":{"rendered":"<h6><strong><em>Los interesados deber\u00e1n presentar la documentaci\u00f3n en el Ayuntamiento norte\u00f1o antes del 18 de noviembre<\/em><\/strong><\/h6>\n<h6><\/h6>\n<h6><\/h6>\n<p><a href=\"http:\/\/www.ayuntamientodeharia.com\/haria\/wp-content\/uploads\/2015\/11\/Vivienda-anegada-en-Tabayesco.jpg\"><img fetchpriority=\"high\" decoding=\"async\" class=\"alignleft size-medium wp-image-2818\" src=\"http:\/\/www.ayuntamientodeharia.com\/haria\/wp-content\/uploads\/2015\/11\/Vivienda-anegada-en-Tabayesco-300x200.jpg\" alt=\"Vivienda anegada en Tabayesco\" width=\"300\" height=\"200\" srcset=\"https:\/\/www.ayuntamientodeharia.com\/haria\/wp-content\/uploads\/2015\/11\/Vivienda-anegada-en-Tabayesco-300x200.jpg 300w, https:\/\/www.ayuntamientodeharia.com\/haria\/wp-content\/uploads\/2015\/11\/Vivienda-anegada-en-Tabayesco.jpg 640w\" sizes=\"(max-width: 300px) 100vw, 300px\" \/><\/a>El Ayuntamiento de Har\u00eda informa a los vecinos del municipio norte\u00f1o que el Gobierno de Canarias, a trav\u00e9s de la Consejer\u00eda de Empleo, Pol\u00edticas Sociales y Vivienda, est\u00e1 gestionando los tr\u00e1mites para las ayudas de car\u00e1cter excepcional a las familias afectadas por las lluvias ca\u00eddas en el Archipi\u00e9lago entre los d\u00edas 20 y 25 de octubre.<\/p>\n<p>&nbsp;<\/p>\n<p>&nbsp;<\/p>\n<p>Dicha l\u00ednea de subvenciones est\u00e1 dirigida a reponer el valor estimado de los enseres b\u00e1sicos que sufrieron da\u00f1os por el temporal, para lo cual deber\u00e1n dirigirse al \u00c1rea de Servicios Sociales del Consistorio norte\u00f1o y presentar la solicitud, junto a la documentaci\u00f3n pertinente, antes del 18 de noviembre.<\/p>\n<p><!--more--><\/p>\n<p>&nbsp;<\/p>\n<p>Cabe recordar que las localidades m\u00e1s afectadas del municipio durante el fin de semana del 23 al 25 de octubre fueron Tabayesco, Punta Mujeres, Arrieta y \u00d3rzola, donde llegaron a caer entre 60 y 90 litros por metro cuadrado, con considerables desperfectos en viviendas<\/p>\n","protected":false},"excerpt":{"rendered":"<p>Los interesados deber\u00e1n presentar la documentaci\u00f3n en el Ayuntamiento norte\u00f1o antes del 18 de noviembre El Ayuntamiento de Har\u00eda informa a los vecinos del municipio norte\u00f1o que el Gobierno de Canarias, a trav\u00e9s de la Consejer\u00eda de Empleo, Pol\u00edticas Sociales y Vivienda, est\u00e1 gestionando los tr\u00e1mites para las ayudas de car\u00e1cter excepcional a las familias [&hellip;]<\/p>\n","protected":false},"author":2,"featured_media":0,"comment_status":"closed","ping_status":"closed","sticky":false,"template":"","format":"standard","meta":{"footnotes":""},"categories":[23,77],"tags":[79,78,80],"class_list":["post-2820","post","type-post","status-publish","format-standard","hentry","category-obras-y-servicios","category-servicios-sociales","tag-lluvia","tag-subvenciones","tag-vivienda"],"_links":{"self":[{"href":"https:\/\/www.ayuntamientodeharia.com\/haria\/wp-json\/wp\/v2\/posts\/2820","targetHints":{"allow":["GET"]}}],"collection":[{"href":"https:\/\/www.ayuntamientodeharia.com\/haria\/wp-json\/wp\/v2\/posts"}],"about":[{"href":"https:\/\/www.ayuntamientodeharia.com\/haria\/wp-json\/wp\/v2\/types\/post"}],"author":[{"embeddable":true,"href":"https:\/\/www.ayuntamientodeharia.com\/haria\/wp-json\/wp\/v2\/users\/2"}],"replies":[{"embeddable":true,"href":"https:\/\/www.ayuntamientodeharia.com\/haria\/wp-json\/wp\/v2\/comments?post=2820"}],"version-history":[{"count":0,"href":"https:\/\/www.ayuntamientodeharia.com\/haria\/wp-json\/wp\/v2\/posts\/2820\/revisions"}],"wp:attachment":[{"href":"https:\/\/www.ayuntamientodeharia.com\/haria\/wp-json\/wp\/v2\/media?parent=2820"}],"wp:term":[{"taxonomy":"category","embeddable":true,"href":"https:\/\/www.ayuntamientodeharia.com\/haria\/wp-json\/wp\/v2\/categories?post=2820"},{"taxonomy":"post_tag","embeddable":true,"href":"https:\/\/www.ayuntamientodeharia.com\/haria\/wp-json\/wp\/v2\/tags?post=2820"}],"curies":[{"name":"wp","href":"https:\/\/api.w.org\/{rel}","templated":true}]}}