{"id":2815,"date":"2015-11-06T13:27:51","date_gmt":"2015-11-06T13:27:51","guid":{"rendered":"http:\/\/www.ayuntamientodeharia.com\/haria\/?p=2815"},"modified":"2015-11-06T13:27:51","modified_gmt":"2015-11-06T13:27:51","slug":"haria-recibe-al-buque-suizo-de-reinsercion-para-menores-salomon","status":"publish","type":"post","link":"https:\/\/www.ayuntamientodeharia.com\/haria\/haria-recibe-al-buque-suizo-de-reinsercion-para-menores-salomon\/","title":{"rendered":"Har\u00eda recibe al buque suizo de reinserci\u00f3n para menores \u2018Salomon\u2019"},"content":{"rendered":"<p><a href=\"http:\/\/www.ayuntamientodeharia.com\/haria\/wp-content\/uploads\/2015\/11\/jose-dorta.jpg\"><img fetchpriority=\"high\" decoding=\"async\" class=\"alignleft size-medium wp-image-2780\" src=\"http:\/\/www.ayuntamientodeharia.com\/haria\/wp-content\/uploads\/2015\/11\/jose-dorta-300x223.jpg\" alt=\"jose dorta\" width=\"300\" height=\"223\" srcset=\"https:\/\/www.ayuntamientodeharia.com\/haria\/wp-content\/uploads\/2015\/11\/jose-dorta-300x223.jpg 300w, https:\/\/www.ayuntamientodeharia.com\/haria\/wp-content\/uploads\/2015\/11\/jose-dorta.jpg 965w\" sizes=\"(max-width: 300px) 100vw, 300px\" \/><\/a>El primer teniente de alcalde de Har\u00eda, Jos\u00e9 P\u00e9rez Dorta, visit\u00f3 en fechas recientes el barco suizo de reinserci\u00f3n para menores \u2018Salomon\u2019, de 32 metros de eslora y 7 de manga, que permaneci\u00f3 unas semanas fondeado junto a la costa de Arrieta, en el municipio norte\u00f1o. Se trata de un centro alternativo para menores de entre 14 y 18 a\u00f1os con problemas judiciales, perteneciente a la fundaci\u00f3n Jugendschiffe, con un novedoso modelo de reinserci\u00f3n que pretende invertir la espiral de desarraigo social y familiar de estos j\u00f3venes cuando las herramientas de tierra, tanto pedag\u00f3gicas como sociales, han fracasado.<\/p>\n<p><!--more--><\/p>\n<p>El barco es una aventura en la que el reducido espacio, lo estricto de las normas y el ejercicio f\u00edsico se combinan con las clases para obtener unos resultados de reinserci\u00f3n superiores al 60%, muy por encima de los resultados de este tipo de programas en tierra, y con un coste de unos 450 euros al d\u00eda, frente a los 600 de los sistemas tradicionales de reinserci\u00f3n.<\/p>\n<p>&nbsp;<\/p>\n<p>P\u00e9rez Dorta pudo conocer de primera mano todas las instalaciones de la nave, donde le explicaron pormenorizadamente el funcionamiento de la misma y el programa de trabajo diario, as\u00ed como la estructura y fines de esta fundaci\u00f3n. Desde el Consistorio norte\u00f1o se les obsequi\u00f3 con una excursi\u00f3n por zonas destacadas de la Isla, como la Cueva de los Verdes, las Monta\u00f1as del Fuego o la Fundaci\u00f3n Cesar Manrique, entre otras. Por su parte, el equipo de abordo traslad\u00f3 al Ayuntamiento de Har\u00eda su agradecimiento por la colaboraci\u00f3n e inter\u00e9s prestados en todo momento<\/p>\n","protected":false},"excerpt":{"rendered":"<p>El primer teniente de alcalde de Har\u00eda, Jos\u00e9 P\u00e9rez Dorta, visit\u00f3 en fechas recientes el barco suizo de reinserci\u00f3n para menores \u2018Salomon\u2019, de 32 metros de eslora y 7 de manga, que permaneci\u00f3 unas semanas fondeado junto a la costa de Arrieta, en el municipio norte\u00f1o. Se trata de un centro alternativo para menores de [&hellip;]<\/p>\n","protected":false},"author":2,"featured_media":0,"comment_status":"closed","ping_status":"closed","sticky":false,"template":"","format":"standard","meta":{"footnotes":""},"categories":[73,11],"tags":[],"class_list":["post-2815","post","type-post","status-publish","format-standard","hentry","category-alcaldia","category-hoja-de-haria"],"_links":{"self":[{"href":"https:\/\/www.ayuntamientodeharia.com\/haria\/wp-json\/wp\/v2\/posts\/2815","targetHints":{"allow":["GET"]}}],"collection":[{"href":"https:\/\/www.ayuntamientodeharia.com\/haria\/wp-json\/wp\/v2\/posts"}],"about":[{"href":"https:\/\/www.ayuntamientodeharia.com\/haria\/wp-json\/wp\/v2\/types\/post"}],"author":[{"embeddable":true,"href":"https:\/\/www.ayuntamientodeharia.com\/haria\/wp-json\/wp\/v2\/users\/2"}],"replies":[{"embeddable":true,"href":"https:\/\/www.ayuntamientodeharia.com\/haria\/wp-json\/wp\/v2\/comments?post=2815"}],"version-history":[{"count":0,"href":"https:\/\/www.ayuntamientodeharia.com\/haria\/wp-json\/wp\/v2\/posts\/2815\/revisions"}],"wp:attachment":[{"href":"https:\/\/www.ayuntamientodeharia.com\/haria\/wp-json\/wp\/v2\/media?parent=2815"}],"wp:term":[{"taxonomy":"category","embeddable":true,"href":"https:\/\/www.ayuntamientodeharia.com\/haria\/wp-json\/wp\/v2\/categories?post=2815"},{"taxonomy":"post_tag","embeddable":true,"href":"https:\/\/www.ayuntamientodeharia.com\/haria\/wp-json\/wp\/v2\/tags?post=2815"}],"curies":[{"name":"wp","href":"https:\/\/api.w.org\/{rel}","templated":true}]}}