{"id":28124,"date":"2023-09-29T13:12:34","date_gmt":"2023-09-29T12:12:34","guid":{"rendered":"https:\/\/www.ayuntamientodeharia.com\/haria\/?p=28124"},"modified":"2023-09-29T13:12:34","modified_gmt":"2023-09-29T12:12:34","slug":"haria-impulsa-una-iniciativa-de-narraciones-sobre-el-patrimonio-de-canarias","status":"publish","type":"post","link":"https:\/\/www.ayuntamientodeharia.com\/haria\/haria-impulsa-una-iniciativa-de-narraciones-sobre-el-patrimonio-de-canarias\/","title":{"rendered":"Har\u00eda impulsa una iniciativa de narraciones sobre el patrimonio de Canarias"},"content":{"rendered":"<p>El Ayuntamiento de Har\u00eda, a trav\u00e9s del \u00c1rea de Cultura que coordina Paula Montero, impulsa la iniciativa de narraciones sobre el patrimonio de Canarias titulada \u2018Hab\u00eda una vez\u2026 ocho islas de cuento\u2019. Este proyecto pretende acercar a la poblaci\u00f3n m\u00e1s joven una parte importante del patrimonio inmaterial, como es el legado oral que se ha transmitido de generaci\u00f3n en generaci\u00f3n y que es preciso poner en valor para evitar su desaparici\u00f3n.<\/p>\n<p>La sesi\u00f3n est\u00e1 dirigida al p\u00fablico infantil mayor de seis a\u00f1os y juvenil y se desarrollar\u00e1 el pr\u00f3ximo 6 de octubre, a las 17:30 horas, en la Biblioteca Municipal de Har\u00eda, a cargo de Laura Escuela y Silvia Torrents.<\/p>\n<p>En esta sesi\u00f3n de cuentos y t\u00edteres conoceremos a la abuela Lala, que nos llevar\u00e1 de la mano a trav\u00e9s de la historia para encontrarnos con leyendas, cuentos populares, refranes, cantos y toques de las islas. La entrada ser\u00e1 libre hasta completar aforo. Se realizar\u00e1 tambi\u00e9n un taller matutino y escolar, persiguiendo el mismo objetivo de la sesi\u00f3n de cuentos y propone un encuentro participativo con el alumnado en el que se trabajar\u00e1 la puesta en escena de varias leyendas tradicionales de las Islas a trav\u00e9s del juego con la oralidad, el cuerpo y la escena.<\/p>\n<p>&nbsp;<\/p>\n","protected":false},"excerpt":{"rendered":"<p>El Ayuntamiento de Har\u00eda, a trav\u00e9s del \u00c1rea de Cultura que coordina Paula Montero, impulsa la iniciativa de narraciones sobre el patrimonio de Canarias titulada \u2018Hab\u00eda una vez\u2026 ocho islas de cuento\u2019. Este proyecto pretende acercar a la poblaci\u00f3n m\u00e1s joven una parte importante del patrimonio inmaterial, como es el legado oral que se ha [&hellip;]<\/p>\n","protected":false},"author":13,"featured_media":28125,"comment_status":"closed","ping_status":"closed","sticky":false,"template":"","format":"standard","meta":{"footnotes":""},"categories":[16,11],"tags":[],"class_list":["post-28124","post","type-post","status-publish","format-standard","has-post-thumbnail","hentry","category-cultura","category-hoja-de-haria"],"_links":{"self":[{"href":"https:\/\/www.ayuntamientodeharia.com\/haria\/wp-json\/wp\/v2\/posts\/28124","targetHints":{"allow":["GET"]}}],"collection":[{"href":"https:\/\/www.ayuntamientodeharia.com\/haria\/wp-json\/wp\/v2\/posts"}],"about":[{"href":"https:\/\/www.ayuntamientodeharia.com\/haria\/wp-json\/wp\/v2\/types\/post"}],"author":[{"embeddable":true,"href":"https:\/\/www.ayuntamientodeharia.com\/haria\/wp-json\/wp\/v2\/users\/13"}],"replies":[{"embeddable":true,"href":"https:\/\/www.ayuntamientodeharia.com\/haria\/wp-json\/wp\/v2\/comments?post=28124"}],"version-history":[{"count":1,"href":"https:\/\/www.ayuntamientodeharia.com\/haria\/wp-json\/wp\/v2\/posts\/28124\/revisions"}],"predecessor-version":[{"id":28126,"href":"https:\/\/www.ayuntamientodeharia.com\/haria\/wp-json\/wp\/v2\/posts\/28124\/revisions\/28126"}],"wp:featuredmedia":[{"embeddable":true,"href":"https:\/\/www.ayuntamientodeharia.com\/haria\/wp-json\/wp\/v2\/media\/28125"}],"wp:attachment":[{"href":"https:\/\/www.ayuntamientodeharia.com\/haria\/wp-json\/wp\/v2\/media?parent=28124"}],"wp:term":[{"taxonomy":"category","embeddable":true,"href":"https:\/\/www.ayuntamientodeharia.com\/haria\/wp-json\/wp\/v2\/categories?post=28124"},{"taxonomy":"post_tag","embeddable":true,"href":"https:\/\/www.ayuntamientodeharia.com\/haria\/wp-json\/wp\/v2\/tags?post=28124"}],"curies":[{"name":"wp","href":"https:\/\/api.w.org\/{rel}","templated":true}]}}