{"id":28111,"date":"2023-09-29T13:04:40","date_gmt":"2023-09-29T12:04:40","guid":{"rendered":"https:\/\/www.ayuntamientodeharia.com\/haria\/?p=28111"},"modified":"2023-09-29T13:04:40","modified_gmt":"2023-09-29T12:04:40","slug":"el-ayuntamiento-informa-de-los-horarios-de-la-escuela-de-bailes-latinos-el-norte-dance","status":"publish","type":"post","link":"https:\/\/www.ayuntamientodeharia.com\/haria\/el-ayuntamiento-informa-de-los-horarios-de-la-escuela-de-bailes-latinos-el-norte-dance\/","title":{"rendered":"El Ayuntamiento informa de los horarios de la Escuela de Bailes Latinos \u2018El Norte Dance\u2019"},"content":{"rendered":"<p>El Ayuntamiento de Har\u00eda informa de los horarios de la Escuela de Bailes Latinos \u2018El Norte Dance\u2019, que reanud\u00f3 sus clases el pasado 12 de septiembre.<\/p>\n<p>Las clases para \u2018Peques\u2019 (de tres a seis a\u00f1os), ser\u00e1n a las 17:30 horas, los mi\u00e9rcoles, y a las 16:45 horas, los viernes. Los \u2018Infantiles\u2019 tendr\u00e1n sesiones los mi\u00e9rcoles, a las 18:30 horas, y los viernes, a las 17:45 horas. Los j\u00f3venes y adultos en grupos tendr\u00e1n clases de 19:00 a 20:00 horas y los adultos por parejas, los martes y jueves, de 20:00 a 21:00 horas.<\/p>\n","protected":false},"excerpt":{"rendered":"<p>El Ayuntamiento de Har\u00eda informa de los horarios de la Escuela de Bailes Latinos \u2018El Norte Dance\u2019, que reanud\u00f3 sus clases el pasado 12 de septiembre. Las clases para \u2018Peques\u2019 (de tres a seis a\u00f1os), ser\u00e1n a las 17:30 horas, los mi\u00e9rcoles, y a las 16:45 horas, los viernes. Los \u2018Infantiles\u2019 tendr\u00e1n sesiones los mi\u00e9rcoles, [&hellip;]<\/p>\n","protected":false},"author":13,"featured_media":27913,"comment_status":"closed","ping_status":"closed","sticky":false,"template":"","format":"standard","meta":{"footnotes":""},"categories":[32,17,11],"tags":[],"class_list":["post-28111","post","type-post","status-publish","format-standard","has-post-thumbnail","hentry","category-anuncios","category-deportes","category-hoja-de-haria"],"_links":{"self":[{"href":"https:\/\/www.ayuntamientodeharia.com\/haria\/wp-json\/wp\/v2\/posts\/28111","targetHints":{"allow":["GET"]}}],"collection":[{"href":"https:\/\/www.ayuntamientodeharia.com\/haria\/wp-json\/wp\/v2\/posts"}],"about":[{"href":"https:\/\/www.ayuntamientodeharia.com\/haria\/wp-json\/wp\/v2\/types\/post"}],"author":[{"embeddable":true,"href":"https:\/\/www.ayuntamientodeharia.com\/haria\/wp-json\/wp\/v2\/users\/13"}],"replies":[{"embeddable":true,"href":"https:\/\/www.ayuntamientodeharia.com\/haria\/wp-json\/wp\/v2\/comments?post=28111"}],"version-history":[{"count":1,"href":"https:\/\/www.ayuntamientodeharia.com\/haria\/wp-json\/wp\/v2\/posts\/28111\/revisions"}],"predecessor-version":[{"id":28112,"href":"https:\/\/www.ayuntamientodeharia.com\/haria\/wp-json\/wp\/v2\/posts\/28111\/revisions\/28112"}],"wp:featuredmedia":[{"embeddable":true,"href":"https:\/\/www.ayuntamientodeharia.com\/haria\/wp-json\/wp\/v2\/media\/27913"}],"wp:attachment":[{"href":"https:\/\/www.ayuntamientodeharia.com\/haria\/wp-json\/wp\/v2\/media?parent=28111"}],"wp:term":[{"taxonomy":"category","embeddable":true,"href":"https:\/\/www.ayuntamientodeharia.com\/haria\/wp-json\/wp\/v2\/categories?post=28111"},{"taxonomy":"post_tag","embeddable":true,"href":"https:\/\/www.ayuntamientodeharia.com\/haria\/wp-json\/wp\/v2\/tags?post=28111"}],"curies":[{"name":"wp","href":"https:\/\/api.w.org\/{rel}","templated":true}]}}