{"id":2802,"date":"2015-11-06T13:15:46","date_gmt":"2015-11-06T13:15:46","guid":{"rendered":"http:\/\/www.ayuntamientodeharia.com\/haria\/?p=2802"},"modified":"2015-11-06T13:16:45","modified_gmt":"2015-11-06T13:16:45","slug":"mamelo-y-carmela-se-despiden-de-ies-haria-2","status":"publish","type":"post","link":"https:\/\/www.ayuntamientodeharia.com\/haria\/mamelo-y-carmela-se-despiden-de-ies-haria-2\/","title":{"rendered":"Mamelo y Carmela se despiden de IES Har\u00eda"},"content":{"rendered":"<p><a href=\"http:\/\/www.ayuntamientodeharia.com\/haria\/wp-content\/uploads\/2015\/11\/maria.jpg\"><img fetchpriority=\"high\" decoding=\"async\" class=\"alignleft size-medium wp-image-2782\" src=\"http:\/\/www.ayuntamientodeharia.com\/haria\/wp-content\/uploads\/2015\/11\/maria-300x196.jpg\" alt=\"maria\" width=\"300\" height=\"196\" srcset=\"https:\/\/www.ayuntamientodeharia.com\/haria\/wp-content\/uploads\/2015\/11\/maria-300x196.jpg 300w, https:\/\/www.ayuntamientodeharia.com\/haria\/wp-content\/uploads\/2015\/11\/maria.jpg 865w\" sizes=\"(max-width: 300px) 100vw, 300px\" \/><\/a>Mucho se ha escrito sobre cu\u00e1les son las claves para ser un buen docente. Pero la realidad de las aulas nos demuestra, d\u00eda a d\u00eda, que los manuales son simplemente orientativos y que la experiencia y la empat\u00eda que se establece entre el profesorado y el alumno \u201chace que el mal estudiante se convierta en bueno y el buen estudiante en superior\u201d, como bien dice la escritora Maruja Torres.<\/p>\n<p>&nbsp;<br \/>\nManuel Perdomo Perdomo, \u2018Mamelo\u2019, y Mar\u00eda del Carmen Hern\u00e1ndez Jorge, \u2018Carmela\u2019, profesores de Ciencias Sociales, pertenecen a ese grupo de docentes que han sabido ser algo m\u00e1s que meros transmisores de conocimientos, como as\u00ed ha quedado patente en los 24 y 18 a\u00f1os que llevan impartiendo clase, respectivamente, en el IES Har\u00eda.<\/p>\n<p>&nbsp;<\/p>\n<p><img decoding=\"async\" class=\"alignleft size-medium wp-image-2781\" src=\"http:\/\/www.ayuntamientodeharia.com\/haria\/wp-content\/uploads\/2015\/11\/manuel-300x196.jpg\" alt=\"manuel\" width=\"300\" height=\"196\" srcset=\"https:\/\/www.ayuntamientodeharia.com\/haria\/wp-content\/uploads\/2015\/11\/manuel-300x196.jpg 300w, https:\/\/www.ayuntamientodeharia.com\/haria\/wp-content\/uploads\/2015\/11\/manuel.jpg 866w\" sizes=\"(max-width: 300px) 100vw, 300px\" \/>Ahora, llegado el momento de la jubilaci\u00f3n, sus vidas inician nuevos rumbos alejados de las aulas, pero estamos seguros que se marchan con la convicci\u00f3n de haber logrado el respeto y la admiraci\u00f3n, no solo de los alumnos, sino tambi\u00e9n de sus compa\u00f1eros y de toda la comunidad educativa.<\/p>\n<p>&nbsp;<\/p>\n<p>Desde el Ayuntamiento de Har\u00eda les deseamos que la nueva etapa que reci\u00e9n comienza est\u00e9 llena de satisfacciones y logros personales, agradeci\u00e9ndoles, en nombre de los vecinos del municipio, el trabajo desempe\u00f1ado como docentes durante todos estos a\u00f1os.<\/p>\n","protected":false},"excerpt":{"rendered":"<p>Mucho se ha escrito sobre cu\u00e1les son las claves para ser un buen docente. Pero la realidad de las aulas nos demuestra, d\u00eda a d\u00eda, que los manuales son simplemente orientativos y que la experiencia y la empat\u00eda que se establece entre el profesorado y el alumno \u201chace que el mal estudiante se convierta en [&hellip;]<\/p>\n","protected":false},"author":2,"featured_media":0,"comment_status":"closed","ping_status":"closed","sticky":false,"template":"","format":"standard","meta":{"footnotes":""},"categories":[16,11],"tags":[],"class_list":["post-2802","post","type-post","status-publish","format-standard","hentry","category-cultura","category-hoja-de-haria"],"_links":{"self":[{"href":"https:\/\/www.ayuntamientodeharia.com\/haria\/wp-json\/wp\/v2\/posts\/2802","targetHints":{"allow":["GET"]}}],"collection":[{"href":"https:\/\/www.ayuntamientodeharia.com\/haria\/wp-json\/wp\/v2\/posts"}],"about":[{"href":"https:\/\/www.ayuntamientodeharia.com\/haria\/wp-json\/wp\/v2\/types\/post"}],"author":[{"embeddable":true,"href":"https:\/\/www.ayuntamientodeharia.com\/haria\/wp-json\/wp\/v2\/users\/2"}],"replies":[{"embeddable":true,"href":"https:\/\/www.ayuntamientodeharia.com\/haria\/wp-json\/wp\/v2\/comments?post=2802"}],"version-history":[{"count":0,"href":"https:\/\/www.ayuntamientodeharia.com\/haria\/wp-json\/wp\/v2\/posts\/2802\/revisions"}],"wp:attachment":[{"href":"https:\/\/www.ayuntamientodeharia.com\/haria\/wp-json\/wp\/v2\/media?parent=2802"}],"wp:term":[{"taxonomy":"category","embeddable":true,"href":"https:\/\/www.ayuntamientodeharia.com\/haria\/wp-json\/wp\/v2\/categories?post=2802"},{"taxonomy":"post_tag","embeddable":true,"href":"https:\/\/www.ayuntamientodeharia.com\/haria\/wp-json\/wp\/v2\/tags?post=2802"}],"curies":[{"name":"wp","href":"https:\/\/api.w.org\/{rel}","templated":true}]}}