{"id":2798,"date":"2015-11-06T13:11:09","date_gmt":"2015-11-06T13:11:09","guid":{"rendered":"http:\/\/www.ayuntamientodeharia.com\/haria\/?p=2798"},"modified":"2015-11-06T13:11:09","modified_gmt":"2015-11-06T13:11:09","slug":"fiesta-del-aguapata-en-la-plaza-de-haria-2","status":"publish","type":"post","link":"https:\/\/www.ayuntamientodeharia.com\/haria\/fiesta-del-aguapata-en-la-plaza-de-haria-2\/","title":{"rendered":"Fiesta del Aguapata en la Plaza de Har\u00eda"},"content":{"rendered":"<p>La Fiesta del Aguapata, que tuvo que ser suspendida el pasado s\u00e1bado por causa de la intensas lluvias ca\u00eddas en el municipio, se celebrar\u00e1 finalmente el domingo, 8 de noviembre, en la Plaza de Har\u00eda.<\/p>\n<p>&nbsp;<\/p>\n<p>A las 12:00 horas se proceder\u00e1 a la degustaci\u00f3n de los aguapatas, que estar\u00e1 amenizada por el grupo musical Los Gurfines, y a las 13:30 horas se servir\u00e1 un almuerzo a los asistentes, quienes podr\u00e1n degustar los postres y licores caseros aportados de forma desinteresada.<\/p>\n<p>&nbsp;<\/p>\n<p>Con la celebraci\u00f3n de este acto se clausura la \u2018VII Semana Cultural de Har\u00eda\u2019, organizada por la Asociaci\u00f3n de Amigos del Vino y el Queso de Lanzarote, la Fundaci\u00f3n Jos\u00e9 Clavijo y Fajardo y la Concejal\u00eda de Agricultura del Ayuntamiento de Har\u00eda<\/p>\n","protected":false},"excerpt":{"rendered":"<p>La Fiesta del Aguapata, que tuvo que ser suspendida el pasado s\u00e1bado por causa de la intensas lluvias ca\u00eddas en el municipio, se celebrar\u00e1 finalmente el domingo, 8 de noviembre, en la Plaza de Har\u00eda. &nbsp; A las 12:00 horas se proceder\u00e1 a la degustaci\u00f3n de los aguapatas, que estar\u00e1 amenizada por el grupo musical [&hellip;]<\/p>\n","protected":false},"author":2,"featured_media":0,"comment_status":"closed","ping_status":"closed","sticky":false,"template":"","format":"standard","meta":{"footnotes":""},"categories":[20,16,11],"tags":[],"class_list":["post-2798","post","type-post","status-publish","format-standard","hentry","category-agricultura","category-cultura","category-hoja-de-haria"],"_links":{"self":[{"href":"https:\/\/www.ayuntamientodeharia.com\/haria\/wp-json\/wp\/v2\/posts\/2798","targetHints":{"allow":["GET"]}}],"collection":[{"href":"https:\/\/www.ayuntamientodeharia.com\/haria\/wp-json\/wp\/v2\/posts"}],"about":[{"href":"https:\/\/www.ayuntamientodeharia.com\/haria\/wp-json\/wp\/v2\/types\/post"}],"author":[{"embeddable":true,"href":"https:\/\/www.ayuntamientodeharia.com\/haria\/wp-json\/wp\/v2\/users\/2"}],"replies":[{"embeddable":true,"href":"https:\/\/www.ayuntamientodeharia.com\/haria\/wp-json\/wp\/v2\/comments?post=2798"}],"version-history":[{"count":0,"href":"https:\/\/www.ayuntamientodeharia.com\/haria\/wp-json\/wp\/v2\/posts\/2798\/revisions"}],"wp:attachment":[{"href":"https:\/\/www.ayuntamientodeharia.com\/haria\/wp-json\/wp\/v2\/media?parent=2798"}],"wp:term":[{"taxonomy":"category","embeddable":true,"href":"https:\/\/www.ayuntamientodeharia.com\/haria\/wp-json\/wp\/v2\/categories?post=2798"},{"taxonomy":"post_tag","embeddable":true,"href":"https:\/\/www.ayuntamientodeharia.com\/haria\/wp-json\/wp\/v2\/tags?post=2798"}],"curies":[{"name":"wp","href":"https:\/\/api.w.org\/{rel}","templated":true}]}}