{"id":2795,"date":"2015-11-06T13:09:31","date_gmt":"2015-11-06T13:09:31","guid":{"rendered":"http:\/\/www.ayuntamientodeharia.com\/haria\/?p=2795"},"modified":"2015-11-06T13:09:31","modified_gmt":"2015-11-06T13:09:31","slug":"la-biblioteca-municipal-se-enriquece-con-la-donacion-de-nuevos-de-ejemplares","status":"publish","type":"post","link":"https:\/\/www.ayuntamientodeharia.com\/haria\/la-biblioteca-municipal-se-enriquece-con-la-donacion-de-nuevos-de-ejemplares\/","title":{"rendered":"La Biblioteca Municipal se enriquece con la donaci\u00f3n de nuevos de ejemplares"},"content":{"rendered":"<p>La Biblioteca Municipal, adscrita a la Concejal\u00eda de Cultura, coordinada por Jos\u00e9 P\u00e9rez Dorta, quiere agradecer la donaci\u00f3n de libros de lectura realizada por dos personas del municipio, as\u00ed como de varias enciclopedias. Dicho material pasar\u00e1 a formar parte de los fondos de la biblioteca municipal para ser consultado por los usuarios de la misma.<\/p>\n<p>&nbsp;<\/p>\n<p>Con este gesto solidario y desinteresado se contribuye a complementar los fondos bibliogr\u00e1ficos de la biblioteca y se ampl\u00eda la oferta cultural de la misma.<\/p>\n","protected":false},"excerpt":{"rendered":"<p>La Biblioteca Municipal, adscrita a la Concejal\u00eda de Cultura, coordinada por Jos\u00e9 P\u00e9rez Dorta, quiere agradecer la donaci\u00f3n de libros de lectura realizada por dos personas del municipio, as\u00ed como de varias enciclopedias. Dicho material pasar\u00e1 a formar parte de los fondos de la biblioteca municipal para ser consultado por los usuarios de la misma. [&hellip;]<\/p>\n","protected":false},"author":2,"featured_media":0,"comment_status":"closed","ping_status":"closed","sticky":false,"template":"","format":"standard","meta":{"footnotes":""},"categories":[16,11],"tags":[],"class_list":["post-2795","post","type-post","status-publish","format-standard","hentry","category-cultura","category-hoja-de-haria"],"_links":{"self":[{"href":"https:\/\/www.ayuntamientodeharia.com\/haria\/wp-json\/wp\/v2\/posts\/2795","targetHints":{"allow":["GET"]}}],"collection":[{"href":"https:\/\/www.ayuntamientodeharia.com\/haria\/wp-json\/wp\/v2\/posts"}],"about":[{"href":"https:\/\/www.ayuntamientodeharia.com\/haria\/wp-json\/wp\/v2\/types\/post"}],"author":[{"embeddable":true,"href":"https:\/\/www.ayuntamientodeharia.com\/haria\/wp-json\/wp\/v2\/users\/2"}],"replies":[{"embeddable":true,"href":"https:\/\/www.ayuntamientodeharia.com\/haria\/wp-json\/wp\/v2\/comments?post=2795"}],"version-history":[{"count":0,"href":"https:\/\/www.ayuntamientodeharia.com\/haria\/wp-json\/wp\/v2\/posts\/2795\/revisions"}],"wp:attachment":[{"href":"https:\/\/www.ayuntamientodeharia.com\/haria\/wp-json\/wp\/v2\/media?parent=2795"}],"wp:term":[{"taxonomy":"category","embeddable":true,"href":"https:\/\/www.ayuntamientodeharia.com\/haria\/wp-json\/wp\/v2\/categories?post=2795"},{"taxonomy":"post_tag","embeddable":true,"href":"https:\/\/www.ayuntamientodeharia.com\/haria\/wp-json\/wp\/v2\/tags?post=2795"}],"curies":[{"name":"wp","href":"https:\/\/api.w.org\/{rel}","templated":true}]}}