{"id":2791,"date":"2015-11-06T12:58:36","date_gmt":"2015-11-06T12:58:36","guid":{"rendered":"http:\/\/www.ayuntamientodeharia.com\/haria\/?p=2791"},"modified":"2015-11-06T12:58:36","modified_gmt":"2015-11-06T12:58:36","slug":"hiroku-defensor-de-gaia-se-proyectara-en-ye","status":"publish","type":"post","link":"https:\/\/www.ayuntamientodeharia.com\/haria\/hiroku-defensor-de-gaia-se-proyectara-en-ye\/","title":{"rendered":"\u2018Hiroku: Defensor de Gaia\u2019 se proyectar\u00e1 en Ye"},"content":{"rendered":"<p><a href=\"http:\/\/www.ayuntamientodeharia.com\/haria\/wp-content\/uploads\/2015\/11\/hiroku.jpg\"><img fetchpriority=\"high\" decoding=\"async\" class=\"alignleft size-medium wp-image-2779\" src=\"http:\/\/www.ayuntamientodeharia.com\/haria\/wp-content\/uploads\/2015\/11\/hiroku-212x300.jpg\" alt=\"hiroku\" width=\"212\" height=\"300\" srcset=\"https:\/\/www.ayuntamientodeharia.com\/haria\/wp-content\/uploads\/2015\/11\/hiroku-212x300.jpg 212w, https:\/\/www.ayuntamientodeharia.com\/haria\/wp-content\/uploads\/2015\/11\/hiroku.jpg 343w\" sizes=\"(max-width: 212px) 100vw, 212px\" \/><\/a>El s\u00e1bado, 7 de noviembre, a las 20:00 horas, se proyectar\u00e1 la pel\u00edcula de animaci\u00f3n \u2018Hiroku: Defensor de Gaia\u2019, en el Centro Sociocultural El Tef\u00edo de Ye. La cinta fue dirigida en el a\u00f1o 2013 por Sa\u00fal Barreto Ramos y Manuel Gonz\u00e1lez Mauricio, siendo el primer largometraje de animaci\u00f3n producido \u00edntegramente en Canarias.<\/p>\n<p>&nbsp;<\/p>\n<p>Esta pel\u00edcula narra la historia de Hiroku y su amigo Joe, que se ven obligados a huir de la herm\u00e9tica ciudad de Kane City. Con la ayuda de Nagual, un extra\u00f1o mecenas, fundan los \u2018Defensores de Gaia\u2019, un grupo juvenil multirracial que, desde su cuartel general bajo El Teide, se enfrentar\u00e1 a la Corporaci\u00f3n dirigida por el tirano Kane con el fin de salvar el planeta.<\/p>\n<p>&nbsp;<\/p>\n<p>Esta proyecci\u00f3n forma parte del proyecto de difusi\u00f3n del cine hecho en Canarias denominado \u2018Isla de Cine\u2019, seg\u00fan el acuerdo de colaboraci\u00f3n establecido entre Canarias Cultura en Red y la Concejal\u00eda de Cultura del Ayuntamiento de Har\u00eda<\/p>\n","protected":false},"excerpt":{"rendered":"<p>El s\u00e1bado, 7 de noviembre, a las 20:00 horas, se proyectar\u00e1 la pel\u00edcula de animaci\u00f3n \u2018Hiroku: Defensor de Gaia\u2019, en el Centro Sociocultural El Tef\u00edo de Ye. La cinta fue dirigida en el a\u00f1o 2013 por Sa\u00fal Barreto Ramos y Manuel Gonz\u00e1lez Mauricio, siendo el primer largometraje de animaci\u00f3n producido \u00edntegramente en Canarias. &nbsp; Esta [&hellip;]<\/p>\n","protected":false},"author":2,"featured_media":0,"comment_status":"closed","ping_status":"closed","sticky":false,"template":"","format":"standard","meta":{"footnotes":""},"categories":[16,11],"tags":[],"class_list":["post-2791","post","type-post","status-publish","format-standard","hentry","category-cultura","category-hoja-de-haria"],"_links":{"self":[{"href":"https:\/\/www.ayuntamientodeharia.com\/haria\/wp-json\/wp\/v2\/posts\/2791","targetHints":{"allow":["GET"]}}],"collection":[{"href":"https:\/\/www.ayuntamientodeharia.com\/haria\/wp-json\/wp\/v2\/posts"}],"about":[{"href":"https:\/\/www.ayuntamientodeharia.com\/haria\/wp-json\/wp\/v2\/types\/post"}],"author":[{"embeddable":true,"href":"https:\/\/www.ayuntamientodeharia.com\/haria\/wp-json\/wp\/v2\/users\/2"}],"replies":[{"embeddable":true,"href":"https:\/\/www.ayuntamientodeharia.com\/haria\/wp-json\/wp\/v2\/comments?post=2791"}],"version-history":[{"count":0,"href":"https:\/\/www.ayuntamientodeharia.com\/haria\/wp-json\/wp\/v2\/posts\/2791\/revisions"}],"wp:attachment":[{"href":"https:\/\/www.ayuntamientodeharia.com\/haria\/wp-json\/wp\/v2\/media?parent=2791"}],"wp:term":[{"taxonomy":"category","embeddable":true,"href":"https:\/\/www.ayuntamientodeharia.com\/haria\/wp-json\/wp\/v2\/categories?post=2791"},{"taxonomy":"post_tag","embeddable":true,"href":"https:\/\/www.ayuntamientodeharia.com\/haria\/wp-json\/wp\/v2\/tags?post=2791"}],"curies":[{"name":"wp","href":"https:\/\/api.w.org\/{rel}","templated":true}]}}