{"id":27875,"date":"2023-09-01T12:46:58","date_gmt":"2023-09-01T11:46:58","guid":{"rendered":"https:\/\/www.ayuntamientodeharia.com\/haria\/?p=27875"},"modified":"2023-09-01T12:46:58","modified_gmt":"2023-09-01T11:46:58","slug":"participa-en-la-cuarta-edicion-de-fomento-y-formacion-online-del-voluntariado-con-perspectiva-de-genero","status":"publish","type":"post","link":"https:\/\/www.ayuntamientodeharia.com\/haria\/participa-en-la-cuarta-edicion-de-fomento-y-formacion-online-del-voluntariado-con-perspectiva-de-genero\/","title":{"rendered":"Participa en la cuarta edici\u00f3n de Fomento y Formaci\u00f3n Online del Voluntariado con Perspectiva de G\u00e9nero"},"content":{"rendered":"<p>El Ayuntamiento de Har\u00eda, a trav\u00e9s de la Concejal\u00eda de Igualdad que coordinan Nuria Esther Acu\u00f1a, invita a la poblaci\u00f3n del municipio a participar en la cuarta edici\u00f3n de la jornada de Fomento y Formaci\u00f3n Online del Voluntariado con Perspectiva de G\u00e9nero.<\/p>\n<p>La Asociaci\u00f3n Marar\u00eda organiza una nueva edici\u00f3n de \u2018Junt@s Sumamos\u2019, en colaboraci\u00f3n con el Ayuntamiento y el Gobierno de Canarias, en la que se realizar\u00e1 una formaci\u00f3n en modalidad online en el mes de octubre, en la cual se dotar\u00e1 de conocimientos generales del asociacionismo y fomento de los valores del voluntariado con perspectiva de g\u00e9nero.<\/p>\n","protected":false},"excerpt":{"rendered":"<p>El Ayuntamiento de Har\u00eda, a trav\u00e9s de la Concejal\u00eda de Igualdad que coordinan Nuria Esther Acu\u00f1a, invita a la poblaci\u00f3n del municipio a participar en la cuarta edici\u00f3n de la jornada de Fomento y Formaci\u00f3n Online del Voluntariado con Perspectiva de G\u00e9nero. La Asociaci\u00f3n Marar\u00eda organiza una nueva edici\u00f3n de \u2018Junt@s Sumamos\u2019, en colaboraci\u00f3n con [&hellip;]<\/p>\n","protected":false},"author":13,"featured_media":27876,"comment_status":"closed","ping_status":"closed","sticky":false,"template":"","format":"standard","meta":{"footnotes":""},"categories":[11,30],"tags":[],"class_list":["post-27875","post","type-post","status-publish","format-standard","has-post-thumbnail","hentry","category-hoja-de-haria","category-igualdad"],"_links":{"self":[{"href":"https:\/\/www.ayuntamientodeharia.com\/haria\/wp-json\/wp\/v2\/posts\/27875","targetHints":{"allow":["GET"]}}],"collection":[{"href":"https:\/\/www.ayuntamientodeharia.com\/haria\/wp-json\/wp\/v2\/posts"}],"about":[{"href":"https:\/\/www.ayuntamientodeharia.com\/haria\/wp-json\/wp\/v2\/types\/post"}],"author":[{"embeddable":true,"href":"https:\/\/www.ayuntamientodeharia.com\/haria\/wp-json\/wp\/v2\/users\/13"}],"replies":[{"embeddable":true,"href":"https:\/\/www.ayuntamientodeharia.com\/haria\/wp-json\/wp\/v2\/comments?post=27875"}],"version-history":[{"count":1,"href":"https:\/\/www.ayuntamientodeharia.com\/haria\/wp-json\/wp\/v2\/posts\/27875\/revisions"}],"predecessor-version":[{"id":27877,"href":"https:\/\/www.ayuntamientodeharia.com\/haria\/wp-json\/wp\/v2\/posts\/27875\/revisions\/27877"}],"wp:featuredmedia":[{"embeddable":true,"href":"https:\/\/www.ayuntamientodeharia.com\/haria\/wp-json\/wp\/v2\/media\/27876"}],"wp:attachment":[{"href":"https:\/\/www.ayuntamientodeharia.com\/haria\/wp-json\/wp\/v2\/media?parent=27875"}],"wp:term":[{"taxonomy":"category","embeddable":true,"href":"https:\/\/www.ayuntamientodeharia.com\/haria\/wp-json\/wp\/v2\/categories?post=27875"},{"taxonomy":"post_tag","embeddable":true,"href":"https:\/\/www.ayuntamientodeharia.com\/haria\/wp-json\/wp\/v2\/tags?post=27875"}],"curies":[{"name":"wp","href":"https:\/\/api.w.org\/{rel}","templated":true}]}}