{"id":2749,"date":"2015-10-30T12:10:19","date_gmt":"2015-10-30T12:10:19","guid":{"rendered":"http:\/\/www.ayuntamientodeharia.com\/haria\/?p=2749"},"modified":"2015-10-30T12:10:19","modified_gmt":"2015-10-30T12:10:19","slug":"exposicion-del-ii-concurso-de-carteles-contra-la-violencia-de-genero-en-punta-mujeres","status":"publish","type":"post","link":"https:\/\/www.ayuntamientodeharia.com\/haria\/exposicion-del-ii-concurso-de-carteles-contra-la-violencia-de-genero-en-punta-mujeres\/","title":{"rendered":"Exposici\u00f3n del II Concurso de Carteles contra la Violencia de G\u00e9nero en Punta Mujeres"},"content":{"rendered":"<h6><strong>La muestra de carteles estar\u00e1 expuesta al p\u00fablico hasta el 11 de noviembre, en el Centro Sociocultural El Marinero de Punta Mujere<\/strong>s<\/h6>\n<p>&nbsp;<\/p>\n<p><a href=\"http:\/\/www.ayuntamientodeharia.com\/haria\/wp-content\/uploads\/2015\/10\/carteles.jpg\"><img fetchpriority=\"high\" decoding=\"async\" class=\"alignleft size-medium wp-image-2724\" src=\"http:\/\/www.ayuntamientodeharia.com\/haria\/wp-content\/uploads\/2015\/10\/carteles-239x300.jpg\" alt=\"carteles\" width=\"239\" height=\"300\" srcset=\"https:\/\/www.ayuntamientodeharia.com\/haria\/wp-content\/uploads\/2015\/10\/carteles-239x300.jpg 239w, https:\/\/www.ayuntamientodeharia.com\/haria\/wp-content\/uploads\/2015\/10\/carteles.jpg 589w\" sizes=\"(max-width: 239px) 100vw, 239px\" \/><\/a>La exposici\u00f3n itinerante de los trabajos presentados por los alumnos de 3\u00ba y 4\u00ba de la ESO y 1\u00ba de Bachillerato de los IES de Lanzarote al \u2018II Concurso de Carteles Contra la Violencia de G\u00e9nero\u2019, durante el curso escolar 2014-2015, ya puede visitarse en el Centro Sociocultural El Marinero de Punta Mujeres.<\/p>\n<p>&nbsp;<\/p>\n<p>El concurso de carteles, organizado por el Centro de Igualdad y Atenci\u00f3n a la Mujer del Cabildo de Lanzarote, CIAM, con motivo del D\u00eda internacional de la Eliminaci\u00f3n de la Violencia contra la Mujer, nace con el claro objetivo de concienciar e implicar a los j\u00f3venes en la lucha contra la violencia de g\u00e9nero<\/p>\n<p><!--more--><\/p>\n<p>&nbsp;<\/p>\n<p>\u201cCon este tipo de concursos se pretende sensibilizar a la poblaci\u00f3n para que todos contribuyamos a la erradicaci\u00f3n de la violencia machista y a la consecuci\u00f3n de una sociedad m\u00e1s igualitaria\u201d, ha manifestado la concejala de Igualdad, Auxiliadora Fern\u00e1ndez, por lo que anima a los vecinos del municipio a visitar la exposici\u00f3n.<\/p>\n","protected":false},"excerpt":{"rendered":"<p>La muestra de carteles estar\u00e1 expuesta al p\u00fablico hasta el 11 de noviembre, en el Centro Sociocultural El Marinero de Punta Mujeres &nbsp; La exposici\u00f3n itinerante de los trabajos presentados por los alumnos de 3\u00ba y 4\u00ba de la ESO y 1\u00ba de Bachillerato de los IES de Lanzarote al \u2018II Concurso de Carteles Contra [&hellip;]<\/p>\n","protected":false},"author":2,"featured_media":0,"comment_status":"closed","ping_status":"closed","sticky":false,"template":"","format":"standard","meta":{"footnotes":""},"categories":[11,30],"tags":[],"class_list":["post-2749","post","type-post","status-publish","format-standard","hentry","category-hoja-de-haria","category-igualdad"],"_links":{"self":[{"href":"https:\/\/www.ayuntamientodeharia.com\/haria\/wp-json\/wp\/v2\/posts\/2749","targetHints":{"allow":["GET"]}}],"collection":[{"href":"https:\/\/www.ayuntamientodeharia.com\/haria\/wp-json\/wp\/v2\/posts"}],"about":[{"href":"https:\/\/www.ayuntamientodeharia.com\/haria\/wp-json\/wp\/v2\/types\/post"}],"author":[{"embeddable":true,"href":"https:\/\/www.ayuntamientodeharia.com\/haria\/wp-json\/wp\/v2\/users\/2"}],"replies":[{"embeddable":true,"href":"https:\/\/www.ayuntamientodeharia.com\/haria\/wp-json\/wp\/v2\/comments?post=2749"}],"version-history":[{"count":0,"href":"https:\/\/www.ayuntamientodeharia.com\/haria\/wp-json\/wp\/v2\/posts\/2749\/revisions"}],"wp:attachment":[{"href":"https:\/\/www.ayuntamientodeharia.com\/haria\/wp-json\/wp\/v2\/media?parent=2749"}],"wp:term":[{"taxonomy":"category","embeddable":true,"href":"https:\/\/www.ayuntamientodeharia.com\/haria\/wp-json\/wp\/v2\/categories?post=2749"},{"taxonomy":"post_tag","embeddable":true,"href":"https:\/\/www.ayuntamientodeharia.com\/haria\/wp-json\/wp\/v2\/tags?post=2749"}],"curies":[{"name":"wp","href":"https:\/\/api.w.org\/{rel}","templated":true}]}}