{"id":2730,"date":"2015-10-30T11:43:24","date_gmt":"2015-10-30T11:43:24","guid":{"rendered":"http:\/\/www.ayuntamientodeharia.com\/haria\/?p=2730"},"modified":"2015-10-30T11:50:42","modified_gmt":"2015-10-30T11:50:42","slug":"taller-para-crear-una-cooperativa","status":"publish","type":"post","link":"https:\/\/www.ayuntamientodeharia.com\/haria\/taller-para-crear-una-cooperativa\/","title":{"rendered":"Taller para crear una cooperativa"},"content":{"rendered":"<p>La Asociaci\u00f3n para el Desarrollo Rural de la isla de Lanzarote, ADERLAN, organiza, en colaboraci\u00f3n con el proyecto de la Asociaci\u00f3n Tiemar \u2018Dinamizando el Empleo Inclusivo\u2019 y la Concejal\u00eda de Empleo del Ayuntamiento de Har\u00eda, un taller para fomentar el emprendimiento en las zonas rurales, que se impartir\u00e1 el martes, 3 de noviembre, de 10:30 a 12:30 horas, en el Centro Sociocultural La Tegala de Har\u00eda.<\/p>\n<p>&nbsp;<\/p>\n<p>Los asistentes al taller conocer\u00e1n, a trav\u00e9s de una metodolog\u00eda din\u00e1mica y participativa, c\u00f3mo la cooperativa puede ser una alternativa real a la b\u00fasqueda de empleo. Para ello se les explicar\u00e1 cu\u00e1les son los beneficios y c\u00f3mo se pone en marcha este tipo de empresas, poniendo como ejemplo diferentes cooperativas de \u00e9xito.<\/p>\n<p><!--more--><\/p>\n<p>Adem\u00e1s se realizar\u00e1 un caso pr\u00e1ctico elegido entre las ideas aportadas por los asistentes, donde se analizar\u00e1 el potencial de la idea, se dibujar\u00e1 un modelo de negocio y se dar\u00e1n las claves para una buena presentaci\u00f3n<\/p>\n","protected":false},"excerpt":{"rendered":"<p>La Asociaci\u00f3n para el Desarrollo Rural de la isla de Lanzarote, ADERLAN, organiza, en colaboraci\u00f3n con el proyecto de la Asociaci\u00f3n Tiemar \u2018Dinamizando el Empleo Inclusivo\u2019 y la Concejal\u00eda de Empleo del Ayuntamiento de Har\u00eda, un taller para fomentar el emprendimiento en las zonas rurales, que se impartir\u00e1 el martes, 3 de noviembre, de 10:30 [&hellip;]<\/p>\n","protected":false},"author":2,"featured_media":0,"comment_status":"closed","ping_status":"closed","sticky":false,"template":"","format":"standard","meta":{"footnotes":""},"categories":[19,11],"tags":[],"class_list":["post-2730","post","type-post","status-publish","format-standard","hentry","category-formacion","category-hoja-de-haria"],"_links":{"self":[{"href":"https:\/\/www.ayuntamientodeharia.com\/haria\/wp-json\/wp\/v2\/posts\/2730","targetHints":{"allow":["GET"]}}],"collection":[{"href":"https:\/\/www.ayuntamientodeharia.com\/haria\/wp-json\/wp\/v2\/posts"}],"about":[{"href":"https:\/\/www.ayuntamientodeharia.com\/haria\/wp-json\/wp\/v2\/types\/post"}],"author":[{"embeddable":true,"href":"https:\/\/www.ayuntamientodeharia.com\/haria\/wp-json\/wp\/v2\/users\/2"}],"replies":[{"embeddable":true,"href":"https:\/\/www.ayuntamientodeharia.com\/haria\/wp-json\/wp\/v2\/comments?post=2730"}],"version-history":[{"count":0,"href":"https:\/\/www.ayuntamientodeharia.com\/haria\/wp-json\/wp\/v2\/posts\/2730\/revisions"}],"wp:attachment":[{"href":"https:\/\/www.ayuntamientodeharia.com\/haria\/wp-json\/wp\/v2\/media?parent=2730"}],"wp:term":[{"taxonomy":"category","embeddable":true,"href":"https:\/\/www.ayuntamientodeharia.com\/haria\/wp-json\/wp\/v2\/categories?post=2730"},{"taxonomy":"post_tag","embeddable":true,"href":"https:\/\/www.ayuntamientodeharia.com\/haria\/wp-json\/wp\/v2\/tags?post=2730"}],"curies":[{"name":"wp","href":"https:\/\/api.w.org\/{rel}","templated":true}]}}