{"id":2698,"date":"2015-10-24T21:43:38","date_gmt":"2015-10-24T21:43:38","guid":{"rendered":"http:\/\/www.ayuntamientodeharia.com\/haria\/?p=2698"},"modified":"2015-10-24T21:43:38","modified_gmt":"2015-10-24T21:43:38","slug":"programa-de-la-vii-semana-cultural-de-haria-del-19-al-25-de-octubre-3","status":"publish","type":"post","link":"https:\/\/www.ayuntamientodeharia.com\/haria\/programa-de-la-vii-semana-cultural-de-haria-del-19-al-25-de-octubre-3\/","title":{"rendered":"Programa de la \u2018VII Semana Cultural de Har\u00eda\u2019 Del 19 al 25 de octubre"},"content":{"rendered":"<p><strong style=\"font-weight: bold; font-style: inherit; color: inherit;\">\u201c\u00c9rase una vez la vi\u00f1a, la vendimia, el vino\u2026<\/strong><\/p>\n<p>&nbsp;<\/p>\n<p><a style=\"font-weight: inherit; font-style: inherit; color: #1b8be0;\" href=\"http:\/\/www.ayuntamientodeharia.com\/haria\/wp-content\/uploads\/2015\/10\/semana-cultural.jpg\"><img fetchpriority=\"high\" decoding=\"async\" class=\"alignleft size-medium wp-image-2630\" style=\"font-weight: inherit; font-style: inherit; color: inherit;\" src=\"http:\/\/www.ayuntamientodeharia.com\/haria\/wp-content\/uploads\/2015\/10\/semana-cultural-225x300.jpg\" alt=\"semana cultural\" width=\"225\" height=\"300\" srcset=\"https:\/\/www.ayuntamientodeharia.com\/haria\/wp-content\/uploads\/2015\/10\/semana-cultural-225x300.jpg 225w, https:\/\/www.ayuntamientodeharia.com\/haria\/wp-content\/uploads\/2015\/10\/semana-cultural.jpg 750w\" sizes=\"(max-width: 225px) 100vw, 225px\" \/><\/a>\u201d La Concejal\u00eda de Agricultura del Ayuntamiento de Har\u00eda organiza, junto con la Asociaci\u00f3n de Amigos del Vino y el Queso de Lanzarote, la Fundaci\u00f3n Jos\u00e9 Clavijo y Fajardo y el Centro Sociocultural La Tegala, la \u2018VII Semana Cultural de Har\u00eda\u2019 bajo el lema \u2018\u00c9rase una vez la vi\u00f1a, la vendimia, el vino\u2026\u2019, que se desarrollar\u00e1 del 19 al 25 de octubre en el municipio norte\u00f1o.<\/p>\n<p>&nbsp;<\/p>\n<p>Exposici\u00f3n de objetos relacionados con el cultivo de la vid y la elaboraci\u00f3n del vino, as\u00ed como los trabajos presentados al concurso de pintura Del 19 al 24 de octubre, de 9:00 a 13:00 y de 17:00 a 19:00 horas, en el Centro Sociocultural La Tegala de Har\u00eda. Los asistentes a la exposici\u00f3n podr\u00e1n disfrutar de fotograf\u00edas, utensilios de labranza o material de vinificaci\u00f3n, relacionados con el cultivo de la vid en Lanzarote, as\u00ed como de los trabajos presentados por los alumnos de los centros al concurso de pintura.<\/p>\n<p><!--more--><\/p>\n<p>Proyecci\u00f3n de documentales relacionados con el cultivo de la vid y la cultura del vino en Lanzarote Del 19 al 24 de octubre, de 9:00 a 13:00 y de 17:00 a 19:00 horas, en el Centro Sociocultural La Tegala de Har\u00eda.<\/p>\n<p>&nbsp;<\/p>\n<p><strong style=\"font-weight: bold; font-style: inherit; color: inherit;\">Talleres<\/strong><\/p>\n<p>Del 19 al 24 de octubre, en horario de ma\u00f1ana, en el Centro Sociocultural La Tegala de Har\u00eda:<\/p>\n<p>\u2022 Montaje y arreglo de los utensilios que forman parte de la bodega. \u2022 Elaboraci\u00f3n de vino.<\/p>\n<p>\u2022 Fruta pasada.<\/p>\n<p>\u2022 Elaboraci\u00f3n de zumos y alm\u00edbares.<\/p>\n<p>\u2022 Juegos de laboratorio.<\/p>\n<p><!--more--><\/p>\n<p><strong style=\"font-weight: bold; font-style: inherit; color: inherit;\">Conferencia<\/strong><\/p>\n<p>Martes, 20 de octubre, a las 20:00 horas, en el Centro Sociocultural La Tegala de Har\u00eda: \u2018Reconstruyendo el pasado de Lanzarote: Tres d\u00e9cadas de investigaciones arqueol\u00f3gicas\u2019, impartida por Pablo Atoche Pe\u00f1a, catedr\u00e1tico en el \u00c1rea de Conocimiento de Prehistoria en la Universidad de Las Palmas de Gran Canaria e investigador.<\/p>\n<p>&nbsp;<\/p>\n<p><strong style=\"font-weight: bold; font-style: inherit; color: inherit;\">Maridaje y cata<\/strong><\/p>\n<p>Viernes, 23 de octubre, a las 20:00 horas, en el Centro Sociocultural La Tegala de Har\u00eda: \u2018Maridaje y cata comentada de vinos y quesos canarios\u2019, amenizado por el grupo Malp\u00e9i Jazz.<\/p>\n<p>&nbsp;<\/p>\n<p><strong style=\"font-weight: bold; font-style: inherit; color: inherit;\">Fiesta del Aguapata<\/strong><\/p>\n<p>Domingo, 25 de octubre, en la Plaza de Har\u00eda.<\/p>\n<p>12:00 h.- Degustaci\u00f3n de aguapatas y acompa\u00f1amiento musical a cargo del grupo Los Gurfines.<\/p>\n<p>13:30 h.- Almuerzo y degustaci\u00f3n de postres y licores caseros aportados por los asistentes de forma desinteresada.<\/p>\n","protected":false},"excerpt":{"rendered":"<p>\u201c\u00c9rase una vez la vi\u00f1a, la vendimia, el vino\u2026 &nbsp; \u201d La Concejal\u00eda de Agricultura del Ayuntamiento de Har\u00eda organiza, junto con la Asociaci\u00f3n de Amigos del Vino y el Queso de Lanzarote, la Fundaci\u00f3n Jos\u00e9 Clavijo y Fajardo y el Centro Sociocultural La Tegala, la \u2018VII Semana Cultural de Har\u00eda\u2019 bajo el lema \u2018\u00c9rase [&hellip;]<\/p>\n","protected":false},"author":2,"featured_media":0,"comment_status":"closed","ping_status":"closed","sticky":false,"template":"","format":"standard","meta":{"footnotes":""},"categories":[16,11],"tags":[],"class_list":["post-2698","post","type-post","status-publish","format-standard","hentry","category-cultura","category-hoja-de-haria"],"_links":{"self":[{"href":"https:\/\/www.ayuntamientodeharia.com\/haria\/wp-json\/wp\/v2\/posts\/2698","targetHints":{"allow":["GET"]}}],"collection":[{"href":"https:\/\/www.ayuntamientodeharia.com\/haria\/wp-json\/wp\/v2\/posts"}],"about":[{"href":"https:\/\/www.ayuntamientodeharia.com\/haria\/wp-json\/wp\/v2\/types\/post"}],"author":[{"embeddable":true,"href":"https:\/\/www.ayuntamientodeharia.com\/haria\/wp-json\/wp\/v2\/users\/2"}],"replies":[{"embeddable":true,"href":"https:\/\/www.ayuntamientodeharia.com\/haria\/wp-json\/wp\/v2\/comments?post=2698"}],"version-history":[{"count":0,"href":"https:\/\/www.ayuntamientodeharia.com\/haria\/wp-json\/wp\/v2\/posts\/2698\/revisions"}],"wp:attachment":[{"href":"https:\/\/www.ayuntamientodeharia.com\/haria\/wp-json\/wp\/v2\/media?parent=2698"}],"wp:term":[{"taxonomy":"category","embeddable":true,"href":"https:\/\/www.ayuntamientodeharia.com\/haria\/wp-json\/wp\/v2\/categories?post=2698"},{"taxonomy":"post_tag","embeddable":true,"href":"https:\/\/www.ayuntamientodeharia.com\/haria\/wp-json\/wp\/v2\/tags?post=2698"}],"curies":[{"name":"wp","href":"https:\/\/api.w.org\/{rel}","templated":true}]}}