{"id":26585,"date":"2023-05-19T12:45:11","date_gmt":"2023-05-19T11:45:11","guid":{"rendered":"https:\/\/www.ayuntamientodeharia.com\/haria\/?p=26585"},"modified":"2023-05-19T12:45:11","modified_gmt":"2023-05-19T11:45:11","slug":"en-marcha-las-obras-de-reasfaltado-de-la-calle-san-juan-y-sus-aledanos","status":"publish","type":"post","link":"https:\/\/www.ayuntamientodeharia.com\/haria\/en-marcha-las-obras-de-reasfaltado-de-la-calle-san-juan-y-sus-aledanos\/","title":{"rendered":"En marcha las obras de reasfaltado de la Calle San Juan y sus aleda\u00f1os"},"content":{"rendered":"<p>El Ayuntamiento de Har\u00eda ha puesto en marcha esta semana las obras de reasfaltado de la Calle San Juan y sus aleda\u00f1os. La plantilla municipal ha comenzado las actuaciones desde este lunes y estas se han prolongado durante toda la semana.<\/p>\n<p>Las actuaciones consisten en el reasfaltado de la v\u00eda, previo al fresado del pavimento en los laterales del tramo de la calle para evitar subir la altura debido a la disparidad de la rasante de las edificaciones existentes. Asimismo, pr\u00f3ximamente el Consistorio actuar\u00e1 tambi\u00e9n en las calles Faja, Piletas y Vistas del Valle.<\/p>\n","protected":false},"excerpt":{"rendered":"<p>El Ayuntamiento de Har\u00eda ha puesto en marcha esta semana las obras de reasfaltado de la Calle San Juan y sus aleda\u00f1os. La plantilla municipal ha comenzado las actuaciones desde este lunes y estas se han prolongado durante toda la semana. Las actuaciones consisten en el reasfaltado de la v\u00eda, previo al fresado del pavimento [&hellip;]<\/p>\n","protected":false},"author":13,"featured_media":26586,"comment_status":"closed","ping_status":"closed","sticky":false,"template":"","format":"standard","meta":{"footnotes":""},"categories":[425,11,23],"tags":[],"class_list":["post-26585","post","type-post","status-publish","format-standard","has-post-thumbnail","hentry","category-destacado","category-hoja-de-haria","category-obras-y-servicios"],"_links":{"self":[{"href":"https:\/\/www.ayuntamientodeharia.com\/haria\/wp-json\/wp\/v2\/posts\/26585","targetHints":{"allow":["GET"]}}],"collection":[{"href":"https:\/\/www.ayuntamientodeharia.com\/haria\/wp-json\/wp\/v2\/posts"}],"about":[{"href":"https:\/\/www.ayuntamientodeharia.com\/haria\/wp-json\/wp\/v2\/types\/post"}],"author":[{"embeddable":true,"href":"https:\/\/www.ayuntamientodeharia.com\/haria\/wp-json\/wp\/v2\/users\/13"}],"replies":[{"embeddable":true,"href":"https:\/\/www.ayuntamientodeharia.com\/haria\/wp-json\/wp\/v2\/comments?post=26585"}],"version-history":[{"count":1,"href":"https:\/\/www.ayuntamientodeharia.com\/haria\/wp-json\/wp\/v2\/posts\/26585\/revisions"}],"predecessor-version":[{"id":26587,"href":"https:\/\/www.ayuntamientodeharia.com\/haria\/wp-json\/wp\/v2\/posts\/26585\/revisions\/26587"}],"wp:featuredmedia":[{"embeddable":true,"href":"https:\/\/www.ayuntamientodeharia.com\/haria\/wp-json\/wp\/v2\/media\/26586"}],"wp:attachment":[{"href":"https:\/\/www.ayuntamientodeharia.com\/haria\/wp-json\/wp\/v2\/media?parent=26585"}],"wp:term":[{"taxonomy":"category","embeddable":true,"href":"https:\/\/www.ayuntamientodeharia.com\/haria\/wp-json\/wp\/v2\/categories?post=26585"},{"taxonomy":"post_tag","embeddable":true,"href":"https:\/\/www.ayuntamientodeharia.com\/haria\/wp-json\/wp\/v2\/tags?post=26585"}],"curies":[{"name":"wp","href":"https:\/\/api.w.org\/{rel}","templated":true}]}}