{"id":26576,"date":"2023-05-19T12:42:39","date_gmt":"2023-05-19T11:42:39","guid":{"rendered":"https:\/\/www.ayuntamientodeharia.com\/haria\/?p=26576"},"modified":"2023-05-19T12:42:39","modified_gmt":"2023-05-19T11:42:39","slug":"el-ayuntamiento-comunica-los-cortes-y-desvios-del-trafico-durante-la-celebracion-del-xxxi-ironman-lanzarote","status":"publish","type":"post","link":"https:\/\/www.ayuntamientodeharia.com\/haria\/el-ayuntamiento-comunica-los-cortes-y-desvios-del-trafico-durante-la-celebracion-del-xxxi-ironman-lanzarote\/","title":{"rendered":"El Ayuntamiento comunica los cortes y desv\u00edos del tr\u00e1fico durante la celebraci\u00f3n del XXXI IRONMAN Lanzarote"},"content":{"rendered":"<p>El Ayuntamiento de Har\u00eda pone en conocimiento de la poblaci\u00f3n los cortes y desv\u00edos del tr\u00e1fico en el municipio durante la celebraci\u00f3n del XXXI IRONMAN Lanzarote. La prueba deportiva tendr\u00e1 lugar este s\u00e1bado, 20 de mayo.<\/p>\n<p>M\u00e1s de una decena de calles norte\u00f1as se ver\u00e1n afectadas por estas modificaciones a causa de la celebraci\u00f3n de la prueba m\u00e1s prestigiosa de la Isla.<\/p>\n<p>Las v\u00edas afectadas y que estar\u00e1n cerradas a la circulaci\u00f3n ser\u00e1n LZ-10 (La Villa-Har\u00eda) (09:00-17:00h), C\/El Palmeral (10:00-15:30h), C\/La Cilla (10:00-15:30h), C\/La Cruz (10:00-15:30h), C\/Mar\u00eda Herrera (10:00-15:30h), C\/Portillo de Bonilla (10:00-15:30h), C\/Santa B\u00e1rbara (10:00-15:30h), C\/San Francisco (10:00-15:30h), LZ-201 (M\u00e1guez-Ye) (10:30-16:00h), LZ-202 (Hoya de Pila-Mirador del R\u00edo) (10:30-16:00h), LZ-203 (Mirador del R\u00edo-Ye) (10:30-16:00h), LZ-201 (Ye-Arrieta) (10:30-16:30h) y LZ-1 (Arrieta-Guatiza) (10:00-17:00h).<\/p>\n","protected":false},"excerpt":{"rendered":"<p>El Ayuntamiento de Har\u00eda pone en conocimiento de la poblaci\u00f3n los cortes y desv\u00edos del tr\u00e1fico en el municipio durante la celebraci\u00f3n del XXXI IRONMAN Lanzarote. La prueba deportiva tendr\u00e1 lugar este s\u00e1bado, 20 de mayo. M\u00e1s de una decena de calles norte\u00f1as se ver\u00e1n afectadas por estas modificaciones a causa de la celebraci\u00f3n de [&hellip;]<\/p>\n","protected":false},"author":13,"featured_media":26577,"comment_status":"closed","ping_status":"closed","sticky":false,"template":"","format":"standard","meta":{"footnotes":""},"categories":[32,17,425,11],"tags":[],"class_list":["post-26576","post","type-post","status-publish","format-standard","has-post-thumbnail","hentry","category-anuncios","category-deportes","category-destacado","category-hoja-de-haria"],"_links":{"self":[{"href":"https:\/\/www.ayuntamientodeharia.com\/haria\/wp-json\/wp\/v2\/posts\/26576","targetHints":{"allow":["GET"]}}],"collection":[{"href":"https:\/\/www.ayuntamientodeharia.com\/haria\/wp-json\/wp\/v2\/posts"}],"about":[{"href":"https:\/\/www.ayuntamientodeharia.com\/haria\/wp-json\/wp\/v2\/types\/post"}],"author":[{"embeddable":true,"href":"https:\/\/www.ayuntamientodeharia.com\/haria\/wp-json\/wp\/v2\/users\/13"}],"replies":[{"embeddable":true,"href":"https:\/\/www.ayuntamientodeharia.com\/haria\/wp-json\/wp\/v2\/comments?post=26576"}],"version-history":[{"count":1,"href":"https:\/\/www.ayuntamientodeharia.com\/haria\/wp-json\/wp\/v2\/posts\/26576\/revisions"}],"predecessor-version":[{"id":26578,"href":"https:\/\/www.ayuntamientodeharia.com\/haria\/wp-json\/wp\/v2\/posts\/26576\/revisions\/26578"}],"wp:featuredmedia":[{"embeddable":true,"href":"https:\/\/www.ayuntamientodeharia.com\/haria\/wp-json\/wp\/v2\/media\/26577"}],"wp:attachment":[{"href":"https:\/\/www.ayuntamientodeharia.com\/haria\/wp-json\/wp\/v2\/media?parent=26576"}],"wp:term":[{"taxonomy":"category","embeddable":true,"href":"https:\/\/www.ayuntamientodeharia.com\/haria\/wp-json\/wp\/v2\/categories?post=26576"},{"taxonomy":"post_tag","embeddable":true,"href":"https:\/\/www.ayuntamientodeharia.com\/haria\/wp-json\/wp\/v2\/tags?post=26576"}],"curies":[{"name":"wp","href":"https:\/\/api.w.org\/{rel}","templated":true}]}}