{"id":26573,"date":"2023-05-19T12:39:43","date_gmt":"2023-05-19T11:39:43","guid":{"rendered":"https:\/\/www.ayuntamientodeharia.com\/haria\/?p=26573"},"modified":"2023-05-19T12:40:15","modified_gmt":"2023-05-19T11:40:15","slug":"el-ayuntamiento-invita-a-las-organizaciones-de-haria-a-participar-en-la-ii-feria-de-asociaciones","status":"publish","type":"post","link":"https:\/\/www.ayuntamientodeharia.com\/haria\/el-ayuntamiento-invita-a-las-organizaciones-de-haria-a-participar-en-la-ii-feria-de-asociaciones\/","title":{"rendered":"El Ayuntamiento invita a las organizaciones de Har\u00eda a participar en la II Feria de Asociaciones"},"content":{"rendered":"<p>El Ayuntamiento de Har\u00eda invita a las organizaciones festivas, culturales y deportivas del municipio a tomar parte en la II Feria de Asociaciones. Esta tendr\u00e1 lugar el pr\u00f3ximo 11 de junio, en la Plaza de Har\u00eda.<\/p>\n<p>Durante la celebraci\u00f3n, las asociaciones mostrar\u00e1n al p\u00fablico asistente cu\u00e1les son los servicios y las actividades que realizan. Adem\u00e1s los asistentes contar\u00e1n con un stand de informaci\u00f3n a la ciudadan\u00eda y podr\u00e1n disfrutar de talleres y actuaciones musicales.<\/p>\n<p>Las entidades interesadas en participar deben ponerse en contacto con el \u00c1rea de Participaci\u00f3n Ciudadana del Ayuntamiento de Har\u00eda, llamando al 609328397 antes del 7 de junio.<\/p>\n<p>&nbsp;<\/p>\n","protected":false},"excerpt":{"rendered":"<p>El Ayuntamiento de Har\u00eda invita a las organizaciones festivas, culturales y deportivas del municipio a tomar parte en la II Feria de Asociaciones. Esta tendr\u00e1 lugar el pr\u00f3ximo 11 de junio, en la Plaza de Har\u00eda. Durante la celebraci\u00f3n, las asociaciones mostrar\u00e1n al p\u00fablico asistente cu\u00e1les son los servicios y las actividades que realizan. Adem\u00e1s [&hellip;]<\/p>\n","protected":false},"author":13,"featured_media":26574,"comment_status":"closed","ping_status":"closed","sticky":false,"template":"","format":"standard","meta":{"footnotes":""},"categories":[32,11],"tags":[],"class_list":["post-26573","post","type-post","status-publish","format-standard","has-post-thumbnail","hentry","category-anuncios","category-hoja-de-haria"],"_links":{"self":[{"href":"https:\/\/www.ayuntamientodeharia.com\/haria\/wp-json\/wp\/v2\/posts\/26573","targetHints":{"allow":["GET"]}}],"collection":[{"href":"https:\/\/www.ayuntamientodeharia.com\/haria\/wp-json\/wp\/v2\/posts"}],"about":[{"href":"https:\/\/www.ayuntamientodeharia.com\/haria\/wp-json\/wp\/v2\/types\/post"}],"author":[{"embeddable":true,"href":"https:\/\/www.ayuntamientodeharia.com\/haria\/wp-json\/wp\/v2\/users\/13"}],"replies":[{"embeddable":true,"href":"https:\/\/www.ayuntamientodeharia.com\/haria\/wp-json\/wp\/v2\/comments?post=26573"}],"version-history":[{"count":1,"href":"https:\/\/www.ayuntamientodeharia.com\/haria\/wp-json\/wp\/v2\/posts\/26573\/revisions"}],"predecessor-version":[{"id":26575,"href":"https:\/\/www.ayuntamientodeharia.com\/haria\/wp-json\/wp\/v2\/posts\/26573\/revisions\/26575"}],"wp:featuredmedia":[{"embeddable":true,"href":"https:\/\/www.ayuntamientodeharia.com\/haria\/wp-json\/wp\/v2\/media\/26574"}],"wp:attachment":[{"href":"https:\/\/www.ayuntamientodeharia.com\/haria\/wp-json\/wp\/v2\/media?parent=26573"}],"wp:term":[{"taxonomy":"category","embeddable":true,"href":"https:\/\/www.ayuntamientodeharia.com\/haria\/wp-json\/wp\/v2\/categories?post=26573"},{"taxonomy":"post_tag","embeddable":true,"href":"https:\/\/www.ayuntamientodeharia.com\/haria\/wp-json\/wp\/v2\/tags?post=26573"}],"curies":[{"name":"wp","href":"https:\/\/api.w.org\/{rel}","templated":true}]}}