{"id":26568,"date":"2023-05-19T12:37:02","date_gmt":"2023-05-19T11:37:02","guid":{"rendered":"https:\/\/www.ayuntamientodeharia.com\/haria\/?p=26568"},"modified":"2023-05-19T12:37:02","modified_gmt":"2023-05-19T11:37:02","slug":"los-vecinos-de-maguez-ya-tienen-acceso-a-fibra-optica","status":"publish","type":"post","link":"https:\/\/www.ayuntamientodeharia.com\/haria\/los-vecinos-de-maguez-ya-tienen-acceso-a-fibra-optica\/","title":{"rendered":"Los vecinos de M\u00e1guez ya tienen acceso a fibra \u00f3ptica"},"content":{"rendered":"<p>El Ayuntamiento de Har\u00eda informa a los vecinos y vecinas del pueblo de M\u00e1guez que ya finalizaron las obras que permitir\u00e1n dar cobertura de fibra \u00f3ptica a la zona sur.<\/p>\n<p>Las calles a las que llegar\u00e1 la cobertura ser\u00e1n Alpidio Curbelo &#8220;Nicol\u00e1s el de la guagua&#8221;, Andr\u00e9s Luzardo &#8220;Pollo de M\u00e1guez&#8221;, Buenavista, El Dice, La Cancela, La Hoya, Las Bre\u00f1itas, Las Casillas, Las Cruces, Los Llanos, Marcial Luis, Portillo Bonilla, San Pedro, Santa B\u00e1rbara y Tahoyo.<\/p>\n<p>Pr\u00f3ximamente, las personas interesadas podr\u00e1n realizar la contrataci\u00f3n de los servicios de fibra llamando al 1004, visitando las tiendas Movistar o en la web <a href=\"http:\/\/www.movistar.es\">www.movistar.es<\/a>.<\/p>\n","protected":false},"excerpt":{"rendered":"<p>El Ayuntamiento de Har\u00eda informa a los vecinos y vecinas del pueblo de M\u00e1guez que ya finalizaron las obras que permitir\u00e1n dar cobertura de fibra \u00f3ptica a la zona sur. Las calles a las que llegar\u00e1 la cobertura ser\u00e1n Alpidio Curbelo &#8220;Nicol\u00e1s el de la guagua&#8221;, Andr\u00e9s Luzardo &#8220;Pollo de M\u00e1guez&#8221;, Buenavista, El Dice, La [&hellip;]<\/p>\n","protected":false},"author":13,"featured_media":0,"comment_status":"closed","ping_status":"closed","sticky":false,"template":"","format":"standard","meta":{"footnotes":""},"categories":[32,11],"tags":[],"class_list":["post-26568","post","type-post","status-publish","format-standard","hentry","category-anuncios","category-hoja-de-haria"],"_links":{"self":[{"href":"https:\/\/www.ayuntamientodeharia.com\/haria\/wp-json\/wp\/v2\/posts\/26568","targetHints":{"allow":["GET"]}}],"collection":[{"href":"https:\/\/www.ayuntamientodeharia.com\/haria\/wp-json\/wp\/v2\/posts"}],"about":[{"href":"https:\/\/www.ayuntamientodeharia.com\/haria\/wp-json\/wp\/v2\/types\/post"}],"author":[{"embeddable":true,"href":"https:\/\/www.ayuntamientodeharia.com\/haria\/wp-json\/wp\/v2\/users\/13"}],"replies":[{"embeddable":true,"href":"https:\/\/www.ayuntamientodeharia.com\/haria\/wp-json\/wp\/v2\/comments?post=26568"}],"version-history":[{"count":1,"href":"https:\/\/www.ayuntamientodeharia.com\/haria\/wp-json\/wp\/v2\/posts\/26568\/revisions"}],"predecessor-version":[{"id":26569,"href":"https:\/\/www.ayuntamientodeharia.com\/haria\/wp-json\/wp\/v2\/posts\/26568\/revisions\/26569"}],"wp:attachment":[{"href":"https:\/\/www.ayuntamientodeharia.com\/haria\/wp-json\/wp\/v2\/media?parent=26568"}],"wp:term":[{"taxonomy":"category","embeddable":true,"href":"https:\/\/www.ayuntamientodeharia.com\/haria\/wp-json\/wp\/v2\/categories?post=26568"},{"taxonomy":"post_tag","embeddable":true,"href":"https:\/\/www.ayuntamientodeharia.com\/haria\/wp-json\/wp\/v2\/tags?post=26568"}],"curies":[{"name":"wp","href":"https:\/\/api.w.org\/{rel}","templated":true}]}}