{"id":26565,"date":"2023-05-19T12:36:28","date_gmt":"2023-05-19T11:36:28","guid":{"rendered":"https:\/\/www.ayuntamientodeharia.com\/haria\/?p=26565"},"modified":"2023-05-19T12:36:28","modified_gmt":"2023-05-19T11:36:28","slug":"las-dependencias-municipales-estaran-cerradas-con-motivo-de-la-festividad-de-santa-rita","status":"publish","type":"post","link":"https:\/\/www.ayuntamientodeharia.com\/haria\/las-dependencias-municipales-estaran-cerradas-con-motivo-de-la-festividad-de-santa-rita\/","title":{"rendered":"Las dependencias municipales estar\u00e1n cerradas con motivo de la festividad de Santa Rita"},"content":{"rendered":"<p>El Ayuntamiento de Har\u00eda comunica que, con motivo de la celebraci\u00f3n de Santa Rita, patrona de los trabajadores y trabajadoras del municipio, las dependencias municipales permanecer\u00e1n cerradas el pr\u00f3ximo lunes, 22 de mayo.<\/p>\n<p>El Registro General atender\u00e1 al p\u00fablico de 9:00 a 13:00 horas.<\/p>\n","protected":false},"excerpt":{"rendered":"<p>El Ayuntamiento de Har\u00eda comunica que, con motivo de la celebraci\u00f3n de Santa Rita, patrona de los trabajadores y trabajadoras del municipio, las dependencias municipales permanecer\u00e1n cerradas el pr\u00f3ximo lunes, 22 de mayo. El Registro General atender\u00e1 al p\u00fablico de 9:00 a 13:00 horas.<\/p>\n","protected":false},"author":13,"featured_media":26566,"comment_status":"closed","ping_status":"closed","sticky":false,"template":"","format":"standard","meta":{"footnotes":""},"categories":[32,11],"tags":[],"class_list":["post-26565","post","type-post","status-publish","format-standard","has-post-thumbnail","hentry","category-anuncios","category-hoja-de-haria"],"_links":{"self":[{"href":"https:\/\/www.ayuntamientodeharia.com\/haria\/wp-json\/wp\/v2\/posts\/26565","targetHints":{"allow":["GET"]}}],"collection":[{"href":"https:\/\/www.ayuntamientodeharia.com\/haria\/wp-json\/wp\/v2\/posts"}],"about":[{"href":"https:\/\/www.ayuntamientodeharia.com\/haria\/wp-json\/wp\/v2\/types\/post"}],"author":[{"embeddable":true,"href":"https:\/\/www.ayuntamientodeharia.com\/haria\/wp-json\/wp\/v2\/users\/13"}],"replies":[{"embeddable":true,"href":"https:\/\/www.ayuntamientodeharia.com\/haria\/wp-json\/wp\/v2\/comments?post=26565"}],"version-history":[{"count":1,"href":"https:\/\/www.ayuntamientodeharia.com\/haria\/wp-json\/wp\/v2\/posts\/26565\/revisions"}],"predecessor-version":[{"id":26567,"href":"https:\/\/www.ayuntamientodeharia.com\/haria\/wp-json\/wp\/v2\/posts\/26565\/revisions\/26567"}],"wp:featuredmedia":[{"embeddable":true,"href":"https:\/\/www.ayuntamientodeharia.com\/haria\/wp-json\/wp\/v2\/media\/26566"}],"wp:attachment":[{"href":"https:\/\/www.ayuntamientodeharia.com\/haria\/wp-json\/wp\/v2\/media?parent=26565"}],"wp:term":[{"taxonomy":"category","embeddable":true,"href":"https:\/\/www.ayuntamientodeharia.com\/haria\/wp-json\/wp\/v2\/categories?post=26565"},{"taxonomy":"post_tag","embeddable":true,"href":"https:\/\/www.ayuntamientodeharia.com\/haria\/wp-json\/wp\/v2\/tags?post=26565"}],"curies":[{"name":"wp","href":"https:\/\/api.w.org\/{rel}","templated":true}]}}