{"id":26561,"date":"2023-05-19T12:35:40","date_gmt":"2023-05-19T11:35:40","guid":{"rendered":"https:\/\/www.ayuntamientodeharia.com\/haria\/?p=26561"},"modified":"2023-05-19T12:35:40","modified_gmt":"2023-05-19T11:35:40","slug":"el-ayuntamiento-impulsa-talleres-y-actividades-de-dinamizacion-en-familia","status":"publish","type":"post","link":"https:\/\/www.ayuntamientodeharia.com\/haria\/el-ayuntamiento-impulsa-talleres-y-actividades-de-dinamizacion-en-familia\/","title":{"rendered":"El Ayuntamiento impulsa talleres y actividades de dinamizaci\u00f3n en familia"},"content":{"rendered":"<p>El Ayuntamiento de Har\u00eda, a trav\u00e9s del Punto Joven, pone en marcha una serie de talleres y actividades dedicadas a los ni\u00f1os y ni\u00f1as del municipio.<\/p>\n<p>Este viernes, 19 de mayo, de 17:00 a 17:45 horas, la Playa de La Garita acoger\u00e1 el taller de risoterapia con shows y juegos para todas las edades.<\/p>\n","protected":false},"excerpt":{"rendered":"<p>El Ayuntamiento de Har\u00eda, a trav\u00e9s del Punto Joven, pone en marcha una serie de talleres y actividades dedicadas a los ni\u00f1os y ni\u00f1as del municipio. Este viernes, 19 de mayo, de 17:00 a 17:45 horas, la Playa de La Garita acoger\u00e1 el taller de risoterapia con shows y juegos para todas las edades.<\/p>\n","protected":false},"author":13,"featured_media":26563,"comment_status":"closed","ping_status":"closed","sticky":false,"template":"","format":"standard","meta":{"footnotes":""},"categories":[32,11,25],"tags":[],"class_list":["post-26561","post","type-post","status-publish","format-standard","has-post-thumbnail","hentry","category-anuncios","category-hoja-de-haria","category-juventud"],"_links":{"self":[{"href":"https:\/\/www.ayuntamientodeharia.com\/haria\/wp-json\/wp\/v2\/posts\/26561","targetHints":{"allow":["GET"]}}],"collection":[{"href":"https:\/\/www.ayuntamientodeharia.com\/haria\/wp-json\/wp\/v2\/posts"}],"about":[{"href":"https:\/\/www.ayuntamientodeharia.com\/haria\/wp-json\/wp\/v2\/types\/post"}],"author":[{"embeddable":true,"href":"https:\/\/www.ayuntamientodeharia.com\/haria\/wp-json\/wp\/v2\/users\/13"}],"replies":[{"embeddable":true,"href":"https:\/\/www.ayuntamientodeharia.com\/haria\/wp-json\/wp\/v2\/comments?post=26561"}],"version-history":[{"count":1,"href":"https:\/\/www.ayuntamientodeharia.com\/haria\/wp-json\/wp\/v2\/posts\/26561\/revisions"}],"predecessor-version":[{"id":26564,"href":"https:\/\/www.ayuntamientodeharia.com\/haria\/wp-json\/wp\/v2\/posts\/26561\/revisions\/26564"}],"wp:featuredmedia":[{"embeddable":true,"href":"https:\/\/www.ayuntamientodeharia.com\/haria\/wp-json\/wp\/v2\/media\/26563"}],"wp:attachment":[{"href":"https:\/\/www.ayuntamientodeharia.com\/haria\/wp-json\/wp\/v2\/media?parent=26561"}],"wp:term":[{"taxonomy":"category","embeddable":true,"href":"https:\/\/www.ayuntamientodeharia.com\/haria\/wp-json\/wp\/v2\/categories?post=26561"},{"taxonomy":"post_tag","embeddable":true,"href":"https:\/\/www.ayuntamientodeharia.com\/haria\/wp-json\/wp\/v2\/tags?post=26561"}],"curies":[{"name":"wp","href":"https:\/\/api.w.org\/{rel}","templated":true}]}}