{"id":26552,"date":"2023-05-19T12:34:25","date_gmt":"2023-05-19T11:34:25","guid":{"rendered":"https:\/\/www.ayuntamientodeharia.com\/haria\/?p=26552"},"modified":"2023-05-19T12:34:25","modified_gmt":"2023-05-19T11:34:25","slug":"el-area-de-mayores-participara-con-una-alfombra-de-sal-en-la-festividad-de-corpus-christi","status":"publish","type":"post","link":"https:\/\/www.ayuntamientodeharia.com\/haria\/el-area-de-mayores-participara-con-una-alfombra-de-sal-en-la-festividad-de-corpus-christi\/","title":{"rendered":"El \u00c1rea de Mayores participar\u00e1 con una alfombra de sal en la festividad de \u2018Corpus Christi\u2019"},"content":{"rendered":"<p>El \u00c1rea de Mayores del Ayuntamiento de Har\u00eda invita a todas las personas a participar en la confecci\u00f3n de una alfombra de sal en la festividad de \u2018Corpus Christi\u2019, que tendr\u00e1 lugar el pr\u00f3ximo 11 de junio.<\/p>\n<p>Los interesados e interesadas deber\u00e1n inscribirse en el Departamento de Bienestar Social (Centro de la Tercera Edad), llamando al 928835633.<\/p>\n","protected":false},"excerpt":{"rendered":"<p>El \u00c1rea de Mayores del Ayuntamiento de Har\u00eda invita a todas las personas a participar en la confecci\u00f3n de una alfombra de sal en la festividad de \u2018Corpus Christi\u2019, que tendr\u00e1 lugar el pr\u00f3ximo 11 de junio. Los interesados e interesadas deber\u00e1n inscribirse en el Departamento de Bienestar Social (Centro de la Tercera Edad), llamando [&hellip;]<\/p>\n","protected":false},"author":13,"featured_media":26553,"comment_status":"closed","ping_status":"closed","sticky":false,"template":"","format":"standard","meta":{"footnotes":""},"categories":[32,11,61],"tags":[],"class_list":["post-26552","post","type-post","status-publish","format-standard","has-post-thumbnail","hentry","category-anuncios","category-hoja-de-haria","category-tercera-edad"],"_links":{"self":[{"href":"https:\/\/www.ayuntamientodeharia.com\/haria\/wp-json\/wp\/v2\/posts\/26552","targetHints":{"allow":["GET"]}}],"collection":[{"href":"https:\/\/www.ayuntamientodeharia.com\/haria\/wp-json\/wp\/v2\/posts"}],"about":[{"href":"https:\/\/www.ayuntamientodeharia.com\/haria\/wp-json\/wp\/v2\/types\/post"}],"author":[{"embeddable":true,"href":"https:\/\/www.ayuntamientodeharia.com\/haria\/wp-json\/wp\/v2\/users\/13"}],"replies":[{"embeddable":true,"href":"https:\/\/www.ayuntamientodeharia.com\/haria\/wp-json\/wp\/v2\/comments?post=26552"}],"version-history":[{"count":1,"href":"https:\/\/www.ayuntamientodeharia.com\/haria\/wp-json\/wp\/v2\/posts\/26552\/revisions"}],"predecessor-version":[{"id":26559,"href":"https:\/\/www.ayuntamientodeharia.com\/haria\/wp-json\/wp\/v2\/posts\/26552\/revisions\/26559"}],"wp:featuredmedia":[{"embeddable":true,"href":"https:\/\/www.ayuntamientodeharia.com\/haria\/wp-json\/wp\/v2\/media\/26553"}],"wp:attachment":[{"href":"https:\/\/www.ayuntamientodeharia.com\/haria\/wp-json\/wp\/v2\/media?parent=26552"}],"wp:term":[{"taxonomy":"category","embeddable":true,"href":"https:\/\/www.ayuntamientodeharia.com\/haria\/wp-json\/wp\/v2\/categories?post=26552"},{"taxonomy":"post_tag","embeddable":true,"href":"https:\/\/www.ayuntamientodeharia.com\/haria\/wp-json\/wp\/v2\/tags?post=26552"}],"curies":[{"name":"wp","href":"https:\/\/api.w.org\/{rel}","templated":true}]}}