{"id":26549,"date":"2023-05-19T12:18:38","date_gmt":"2023-05-19T11:18:38","guid":{"rendered":"https:\/\/www.ayuntamientodeharia.com\/haria\/?p=26549"},"modified":"2023-05-19T12:18:38","modified_gmt":"2023-05-19T11:18:38","slug":"el-ayuntamiento-convoca-a-los-vecinos-y-vecinas-a-un-encuentro-para-organizar-las-fiestas-de-orzola-y-punta-mujeres","status":"publish","type":"post","link":"https:\/\/www.ayuntamientodeharia.com\/haria\/el-ayuntamiento-convoca-a-los-vecinos-y-vecinas-a-un-encuentro-para-organizar-las-fiestas-de-orzola-y-punta-mujeres\/","title":{"rendered":"El Ayuntamiento convoca a los vecinos y vecinas a un encuentro para organizar las fiestas de \u00d3rzola y Punta Mujeres"},"content":{"rendered":"<p>El Ayuntamiento de Har\u00eda convoca a los vecinos y vecinas de \u00d3rzola y Punta Mujeres a un encuentro para organizar las Fiestas de Santa Rosa y Nuestra Se\u00f1ora del Pino.<\/p>\n<p>Las reuniones de coordinaci\u00f3n tendr\u00e1 lugar el lunes, 29 de mayo, a las 18:00 horas, en el Centro Sociocultural \u2018El Calet\u00f3n\u2019, en \u00d3rzola, y a las 20:00 horas, en el Centro Sociocultural \u2018El Marinero\u2019 de Punta Mujeres.<\/p>\n","protected":false},"excerpt":{"rendered":"<p>El Ayuntamiento de Har\u00eda convoca a los vecinos y vecinas de \u00d3rzola y Punta Mujeres a un encuentro para organizar las Fiestas de Santa Rosa y Nuestra Se\u00f1ora del Pino. Las reuniones de coordinaci\u00f3n tendr\u00e1 lugar el lunes, 29 de mayo, a las 18:00 horas, en el Centro Sociocultural \u2018El Calet\u00f3n\u2019, en \u00d3rzola, y a [&hellip;]<\/p>\n","protected":false},"author":13,"featured_media":26550,"comment_status":"closed","ping_status":"closed","sticky":false,"template":"","format":"standard","meta":{"footnotes":""},"categories":[32,11],"tags":[],"class_list":["post-26549","post","type-post","status-publish","format-standard","has-post-thumbnail","hentry","category-anuncios","category-hoja-de-haria"],"_links":{"self":[{"href":"https:\/\/www.ayuntamientodeharia.com\/haria\/wp-json\/wp\/v2\/posts\/26549","targetHints":{"allow":["GET"]}}],"collection":[{"href":"https:\/\/www.ayuntamientodeharia.com\/haria\/wp-json\/wp\/v2\/posts"}],"about":[{"href":"https:\/\/www.ayuntamientodeharia.com\/haria\/wp-json\/wp\/v2\/types\/post"}],"author":[{"embeddable":true,"href":"https:\/\/www.ayuntamientodeharia.com\/haria\/wp-json\/wp\/v2\/users\/13"}],"replies":[{"embeddable":true,"href":"https:\/\/www.ayuntamientodeharia.com\/haria\/wp-json\/wp\/v2\/comments?post=26549"}],"version-history":[{"count":1,"href":"https:\/\/www.ayuntamientodeharia.com\/haria\/wp-json\/wp\/v2\/posts\/26549\/revisions"}],"predecessor-version":[{"id":26551,"href":"https:\/\/www.ayuntamientodeharia.com\/haria\/wp-json\/wp\/v2\/posts\/26549\/revisions\/26551"}],"wp:featuredmedia":[{"embeddable":true,"href":"https:\/\/www.ayuntamientodeharia.com\/haria\/wp-json\/wp\/v2\/media\/26550"}],"wp:attachment":[{"href":"https:\/\/www.ayuntamientodeharia.com\/haria\/wp-json\/wp\/v2\/media?parent=26549"}],"wp:term":[{"taxonomy":"category","embeddable":true,"href":"https:\/\/www.ayuntamientodeharia.com\/haria\/wp-json\/wp\/v2\/categories?post=26549"},{"taxonomy":"post_tag","embeddable":true,"href":"https:\/\/www.ayuntamientodeharia.com\/haria\/wp-json\/wp\/v2\/tags?post=26549"}],"curies":[{"name":"wp","href":"https:\/\/api.w.org\/{rel}","templated":true}]}}