{"id":26545,"date":"2023-05-19T12:16:41","date_gmt":"2023-05-19T11:16:41","guid":{"rendered":"https:\/\/www.ayuntamientodeharia.com\/haria\/?p=26545"},"modified":"2023-05-19T12:16:41","modified_gmt":"2023-05-19T11:16:41","slug":"el-ayuntamiento-dinamiza-talleres-de-expresion-corporal-para-los-jovenes-de-haria","status":"publish","type":"post","link":"https:\/\/www.ayuntamientodeharia.com\/haria\/el-ayuntamiento-dinamiza-talleres-de-expresion-corporal-para-los-jovenes-de-haria\/","title":{"rendered":"El Ayuntamiento dinamiza talleres de expresi\u00f3n corporal para los j\u00f3venes de Har\u00eda"},"content":{"rendered":"<p>El Ayuntamiento de Har\u00eda, a trav\u00e9s del Punto Joven, pone en marcha una serie de iniciativas y talleres para los j\u00f3venes del municipio.<\/p>\n<p>La jornada se desarrollar\u00e1 este viernes, 19 de mayo, de 18:00 a 20:00 horas, en el Espacio SINEDAD en la Playa de La Garita, en Arrieta. El proyecto contar\u00e1 con talleres de expresi\u00f3n corporal, m\u00fasica, c\u00f3mics, juegos de mesa, fotograf\u00eda y una experiencia de bodypainting, entre otras.<\/p>\n","protected":false},"excerpt":{"rendered":"<p>El Ayuntamiento de Har\u00eda, a trav\u00e9s del Punto Joven, pone en marcha una serie de iniciativas y talleres para los j\u00f3venes del municipio. La jornada se desarrollar\u00e1 este viernes, 19 de mayo, de 18:00 a 20:00 horas, en el Espacio SINEDAD en la Playa de La Garita, en Arrieta. El proyecto contar\u00e1 con talleres de [&hellip;]<\/p>\n","protected":false},"author":13,"featured_media":26547,"comment_status":"closed","ping_status":"closed","sticky":false,"template":"","format":"standard","meta":{"footnotes":""},"categories":[32,11,25],"tags":[],"class_list":["post-26545","post","type-post","status-publish","format-standard","has-post-thumbnail","hentry","category-anuncios","category-hoja-de-haria","category-juventud"],"_links":{"self":[{"href":"https:\/\/www.ayuntamientodeharia.com\/haria\/wp-json\/wp\/v2\/posts\/26545","targetHints":{"allow":["GET"]}}],"collection":[{"href":"https:\/\/www.ayuntamientodeharia.com\/haria\/wp-json\/wp\/v2\/posts"}],"about":[{"href":"https:\/\/www.ayuntamientodeharia.com\/haria\/wp-json\/wp\/v2\/types\/post"}],"author":[{"embeddable":true,"href":"https:\/\/www.ayuntamientodeharia.com\/haria\/wp-json\/wp\/v2\/users\/13"}],"replies":[{"embeddable":true,"href":"https:\/\/www.ayuntamientodeharia.com\/haria\/wp-json\/wp\/v2\/comments?post=26545"}],"version-history":[{"count":1,"href":"https:\/\/www.ayuntamientodeharia.com\/haria\/wp-json\/wp\/v2\/posts\/26545\/revisions"}],"predecessor-version":[{"id":26548,"href":"https:\/\/www.ayuntamientodeharia.com\/haria\/wp-json\/wp\/v2\/posts\/26545\/revisions\/26548"}],"wp:featuredmedia":[{"embeddable":true,"href":"https:\/\/www.ayuntamientodeharia.com\/haria\/wp-json\/wp\/v2\/media\/26547"}],"wp:attachment":[{"href":"https:\/\/www.ayuntamientodeharia.com\/haria\/wp-json\/wp\/v2\/media?parent=26545"}],"wp:term":[{"taxonomy":"category","embeddable":true,"href":"https:\/\/www.ayuntamientodeharia.com\/haria\/wp-json\/wp\/v2\/categories?post=26545"},{"taxonomy":"post_tag","embeddable":true,"href":"https:\/\/www.ayuntamientodeharia.com\/haria\/wp-json\/wp\/v2\/tags?post=26545"}],"curies":[{"name":"wp","href":"https:\/\/api.w.org\/{rel}","templated":true}]}}