{"id":26539,"date":"2023-05-19T12:15:05","date_gmt":"2023-05-19T11:15:05","guid":{"rendered":"https:\/\/www.ayuntamientodeharia.com\/haria\/?p=26539"},"modified":"2023-05-19T12:15:05","modified_gmt":"2023-05-19T11:15:05","slug":"aderlan-organiza-un-curso-gratuito-de-iniciacion-al-diseno-web","status":"publish","type":"post","link":"https:\/\/www.ayuntamientodeharia.com\/haria\/aderlan-organiza-un-curso-gratuito-de-iniciacion-al-diseno-web\/","title":{"rendered":"Aderlan organiza un curso gratuito de iniciaci\u00f3n al dise\u00f1o web"},"content":{"rendered":"<p>El Ayuntamiento de Har\u00eda comunica que Aderlan organiza un curso gratuito de iniciaci\u00f3n al dise\u00f1o web, dirigido a empresas de las zonas rurales y pesqueras de Lanzarote constituidas o que se vayan a constituir en la Isla.<\/p>\n<p>Este estar\u00e1 impartido por DML Digital Marketing y para su realizaci\u00f3n ser\u00e1 necesario que lleven su propio ordenador port\u00e1til.<\/p>\n<p>Para m\u00e1s informaci\u00f3n del curso (fechas, lugar de impartici\u00f3n,&#8230;.) las personas interesadas deben acceder al siguiente enlace web:\u00a0<a href=\"https:\/\/aderlan.org\/curso-de-iniciacion-a-la-pagina-web\/\">https:\/\/aderlan.org\/curso-de-iniciacion-a-la-pagina-web\/<\/a>.<\/p>\n","protected":false},"excerpt":{"rendered":"<p>El Ayuntamiento de Har\u00eda comunica que Aderlan organiza un curso gratuito de iniciaci\u00f3n al dise\u00f1o web, dirigido a empresas de las zonas rurales y pesqueras de Lanzarote constituidas o que se vayan a constituir en la Isla. Este estar\u00e1 impartido por DML Digital Marketing y para su realizaci\u00f3n ser\u00e1 necesario que lleven su propio ordenador [&hellip;]<\/p>\n","protected":false},"author":13,"featured_media":26540,"comment_status":"closed","ping_status":"closed","sticky":false,"template":"","format":"standard","meta":{"footnotes":""},"categories":[32,11],"tags":[],"class_list":["post-26539","post","type-post","status-publish","format-standard","has-post-thumbnail","hentry","category-anuncios","category-hoja-de-haria"],"_links":{"self":[{"href":"https:\/\/www.ayuntamientodeharia.com\/haria\/wp-json\/wp\/v2\/posts\/26539","targetHints":{"allow":["GET"]}}],"collection":[{"href":"https:\/\/www.ayuntamientodeharia.com\/haria\/wp-json\/wp\/v2\/posts"}],"about":[{"href":"https:\/\/www.ayuntamientodeharia.com\/haria\/wp-json\/wp\/v2\/types\/post"}],"author":[{"embeddable":true,"href":"https:\/\/www.ayuntamientodeharia.com\/haria\/wp-json\/wp\/v2\/users\/13"}],"replies":[{"embeddable":true,"href":"https:\/\/www.ayuntamientodeharia.com\/haria\/wp-json\/wp\/v2\/comments?post=26539"}],"version-history":[{"count":1,"href":"https:\/\/www.ayuntamientodeharia.com\/haria\/wp-json\/wp\/v2\/posts\/26539\/revisions"}],"predecessor-version":[{"id":26541,"href":"https:\/\/www.ayuntamientodeharia.com\/haria\/wp-json\/wp\/v2\/posts\/26539\/revisions\/26541"}],"wp:featuredmedia":[{"embeddable":true,"href":"https:\/\/www.ayuntamientodeharia.com\/haria\/wp-json\/wp\/v2\/media\/26540"}],"wp:attachment":[{"href":"https:\/\/www.ayuntamientodeharia.com\/haria\/wp-json\/wp\/v2\/media?parent=26539"}],"wp:term":[{"taxonomy":"category","embeddable":true,"href":"https:\/\/www.ayuntamientodeharia.com\/haria\/wp-json\/wp\/v2\/categories?post=26539"},{"taxonomy":"post_tag","embeddable":true,"href":"https:\/\/www.ayuntamientodeharia.com\/haria\/wp-json\/wp\/v2\/tags?post=26539"}],"curies":[{"name":"wp","href":"https:\/\/api.w.org\/{rel}","templated":true}]}}