{"id":2615,"date":"2015-10-09T12:23:10","date_gmt":"2015-10-09T12:23:10","guid":{"rendered":"http:\/\/www.ayuntamientodeharia.com\/haria\/?p=2615"},"modified":"2015-10-09T12:23:10","modified_gmt":"2015-10-09T12:23:10","slug":"puertos-canarios-y-cabildo-de-lanzarote-colaboraran-con-haria-para-crear-un-aparcamiento-publico-en-orzola","status":"publish","type":"post","link":"https:\/\/www.ayuntamientodeharia.com\/haria\/puertos-canarios-y-cabildo-de-lanzarote-colaboraran-con-haria-para-crear-un-aparcamiento-publico-en-orzola\/","title":{"rendered":"Puertos Canarios y Cabildo de Lanzarote colaborar\u00e1n con Har\u00eda para crear un aparcamiento p\u00fablico en \u00d3rzola"},"content":{"rendered":"<p><a href=\"http:\/\/www.ayuntamientodeharia.com\/haria\/wp-content\/uploads\/2015\/10\/Navieras.jpg\"><img fetchpriority=\"high\" decoding=\"async\" class=\"alignleft size-medium wp-image-2584\" src=\"http:\/\/www.ayuntamientodeharia.com\/haria\/wp-content\/uploads\/2015\/10\/Navieras-300x190.jpg\" alt=\"Navieras\" width=\"300\" height=\"190\" srcset=\"https:\/\/www.ayuntamientodeharia.com\/haria\/wp-content\/uploads\/2015\/10\/Navieras-300x190.jpg 300w, https:\/\/www.ayuntamientodeharia.com\/haria\/wp-content\/uploads\/2015\/10\/Navieras-1024x651.jpg 1024w, https:\/\/www.ayuntamientodeharia.com\/haria\/wp-content\/uploads\/2015\/10\/Navieras.jpg 1783w\" sizes=\"(max-width: 300px) 100vw, 300px\" \/><\/a>Gobierno de Canarias, Cabildo de Lanzarote y Ayuntamiento de Har\u00eda se reunieron la pasada semana en el Consistorio norte\u00f1o con el fin de abordar la problem\u00e1tica de los aparcamientos en \u00d3rzola, llegando a un acuerdo para cofinanciar el proyecto y construcci\u00f3n de una zona donde estacionar los veh\u00edculos de residentes, turistas y usuarios de los negocios de la zona.<\/p>\n<p>&nbsp;<\/p>\n<p>El alcalde de Har\u00eda, Marciano Acu\u00f1a, plante\u00f3 la necesidad de tomar medidas urgentes ante la saturaci\u00f3n de coches en dicha localidad del municipio norte\u00f1o, sobre todo durante los meses de verano, \u201cque ha pasado de ser un destino en s\u00ed a convertirse en lugar de tr\u00e1nsito para quienes visitan La Graciosa\u201d. Por eso resalta la \u201cimportancia de racionalizar este espacio y de hacerlo m\u00e1s sostenible\u201d, en alusi\u00f3n a la contaminaci\u00f3n de la bah\u00eda y a los ruidos generados por los coches y los barcos que operan en el puerto.<\/p>\n<p><!--more--><\/p>\n<p>Ante esta problem\u00e1tica, Acu\u00f1a abog\u00f3 por establecer un aparcamiento p\u00fablico en alguno de los solares de \u00d3rzola, propuesta que recibi\u00f3 el respaldo tanto del Cabildo de Lanzarote como del propio Gobierno de Canarias, que colaborar\u00e1n en la financiaci\u00f3n y realizaci\u00f3n del proyecto, \u201cencaminado a sentar las bases para solucionar un problema que est\u00e1 afectando al d\u00eda a d\u00eda de los vecinos del pueblo y a tratar tambi\u00e9n de armonizar la actividad de las dos navieras que operan en el puerto, conect\u00e1ndolo con la octava isla\u201d.<\/p>\n<p>&nbsp;<\/p>\n<p>En la mesa de trabajo estuvieron presentes la presidenta de Puertos Canarios y consejera de Obras P\u00fablicas del Gobierno de Canarias, Ornela Chac\u00f3n; el director gerente de Puertos Canarios, Gustavo Santana; el jefe de Explotaci\u00f3n de Puertos Canarios para Gran Canaria y Lanzarote, Francisco Acevedo; el presidente del Cabildo de Lanzarote, Pedro San Gin\u00e9s; el consejero de Obras del Cabildo de Lanzarote, Antonio Morales; el concejal de Turismo del Ayuntamiento de Teguise, Antonio Callero; el alcalde de Har\u00eda, Marciano Acu\u00f1a; y el primer teniente de alcalde de Har\u00eda, Jos\u00e9 P\u00e9rez Dorta.<\/p>\n","protected":false},"excerpt":{"rendered":"<p>Gobierno de Canarias, Cabildo de Lanzarote y Ayuntamiento de Har\u00eda se reunieron la pasada semana en el Consistorio norte\u00f1o con el fin de abordar la problem\u00e1tica de los aparcamientos en \u00d3rzola, llegando a un acuerdo para cofinanciar el proyecto y construcci\u00f3n de una zona donde estacionar los veh\u00edculos de residentes, turistas y usuarios de los [&hellip;]<\/p>\n","protected":false},"author":2,"featured_media":0,"comment_status":"closed","ping_status":"closed","sticky":false,"template":"","format":"standard","meta":{"footnotes":""},"categories":[11],"tags":[],"class_list":["post-2615","post","type-post","status-publish","format-standard","hentry","category-hoja-de-haria"],"_links":{"self":[{"href":"https:\/\/www.ayuntamientodeharia.com\/haria\/wp-json\/wp\/v2\/posts\/2615","targetHints":{"allow":["GET"]}}],"collection":[{"href":"https:\/\/www.ayuntamientodeharia.com\/haria\/wp-json\/wp\/v2\/posts"}],"about":[{"href":"https:\/\/www.ayuntamientodeharia.com\/haria\/wp-json\/wp\/v2\/types\/post"}],"author":[{"embeddable":true,"href":"https:\/\/www.ayuntamientodeharia.com\/haria\/wp-json\/wp\/v2\/users\/2"}],"replies":[{"embeddable":true,"href":"https:\/\/www.ayuntamientodeharia.com\/haria\/wp-json\/wp\/v2\/comments?post=2615"}],"version-history":[{"count":0,"href":"https:\/\/www.ayuntamientodeharia.com\/haria\/wp-json\/wp\/v2\/posts\/2615\/revisions"}],"wp:attachment":[{"href":"https:\/\/www.ayuntamientodeharia.com\/haria\/wp-json\/wp\/v2\/media?parent=2615"}],"wp:term":[{"taxonomy":"category","embeddable":true,"href":"https:\/\/www.ayuntamientodeharia.com\/haria\/wp-json\/wp\/v2\/categories?post=2615"},{"taxonomy":"post_tag","embeddable":true,"href":"https:\/\/www.ayuntamientodeharia.com\/haria\/wp-json\/wp\/v2\/tags?post=2615"}],"curies":[{"name":"wp","href":"https:\/\/api.w.org\/{rel}","templated":true}]}}