{"id":2612,"date":"2015-10-09T12:19:24","date_gmt":"2015-10-09T12:19:24","guid":{"rendered":"http:\/\/www.ayuntamientodeharia.com\/haria\/?p=2612"},"modified":"2015-10-09T12:20:00","modified_gmt":"2015-10-09T12:20:00","slug":"la-policia-local-detiene-a-dos-personas-en-orzola-por-delito-contra-la-salud-publica","status":"publish","type":"post","link":"https:\/\/www.ayuntamientodeharia.com\/haria\/la-policia-local-detiene-a-dos-personas-en-orzola-por-delito-contra-la-salud-publica\/","title":{"rendered":"La Polic\u00eda Local detiene a dos personas en \u00d3rzola por delito contra la salud p\u00fablica"},"content":{"rendered":"<p>El pasado jueves, 1 de octubre, la Polic\u00eda Local de Har\u00eda procedi\u00f3 a la detenci\u00f3n de dos personas en \u00d3rzola, tras descubrir en su veh\u00edculo una gran cantidad de marihuana preparada para el consumo. Fue un vecino de dicha localidad el que alert\u00f3 a uno de los agentes locales al observar a dos j\u00f3venes en actitud sospechosa. A partir de ese momento, este llev\u00f3 a cabo una labor de vigilancia hasta comprobar c\u00f3mo dos individuos cargaban grandes bolsas en el interior de un veh\u00edculo que se encontraba estacionado en un descampado. Tras solicitar la presencia de la patrulla de la Polic\u00eda Local, se procedi\u00f3 a dar el alto al veh\u00edculo sospechoso, donde encontraron m\u00e1s de 10 kilos de marihuana seca lista para el consumo.<\/p>\n<p><!--more--><\/p>\n<p>Una vez personados en el lugar, los agentes de la Guardia Civil trasladaron a los detenidos y la droga incautada al puesto principal de Costa Teguise, al objeto de instruir diligencias oportunas para que pudieran pasar a disposici\u00f3n del Juzgado de Instrucci\u00f3n de Arrecife.<\/p>\n<p>&nbsp;<\/p>\n<p>El alcalde de Har\u00eda, Marciano Acu\u00f1a, quiere felicitar a los agentes que han participado en esta operaci\u00f3n, as\u00ed como destacar la labor desempe\u00f1ada por los mismos en el seguimiento y detenci\u00f3n de los sospechosos, sobre todo teniendo en cuenta que el municipio cuenta con pocos efectivos policiales.<\/p>\n<p>&nbsp;<\/p>\n<p>\u201cAcciones de este tipo\u201d, puntualiza el edil norte\u00f1o, \u201cvienen a demostrar, una vez m\u00e1s, el trabajo silencioso y riguroso que realiza la Polic\u00eda Local para garantizar la seguridad de los ciudadanos y el cumplimiento de la Ley\u201d. Por otro lado, el primer edil quiere mostrar tambi\u00e9n su agradecimiento a los agentes de la Guardia Civil por la celeridad y profesionalidad mostrada en todo momento.<\/p>\n","protected":false},"excerpt":{"rendered":"<p>El pasado jueves, 1 de octubre, la Polic\u00eda Local de Har\u00eda procedi\u00f3 a la detenci\u00f3n de dos personas en \u00d3rzola, tras descubrir en su veh\u00edculo una gran cantidad de marihuana preparada para el consumo. Fue un vecino de dicha localidad el que alert\u00f3 a uno de los agentes locales al observar a dos j\u00f3venes en [&hellip;]<\/p>\n","protected":false},"author":2,"featured_media":0,"comment_status":"closed","ping_status":"closed","sticky":false,"template":"","format":"standard","meta":{"footnotes":""},"categories":[11],"tags":[],"class_list":["post-2612","post","type-post","status-publish","format-standard","hentry","category-hoja-de-haria"],"_links":{"self":[{"href":"https:\/\/www.ayuntamientodeharia.com\/haria\/wp-json\/wp\/v2\/posts\/2612","targetHints":{"allow":["GET"]}}],"collection":[{"href":"https:\/\/www.ayuntamientodeharia.com\/haria\/wp-json\/wp\/v2\/posts"}],"about":[{"href":"https:\/\/www.ayuntamientodeharia.com\/haria\/wp-json\/wp\/v2\/types\/post"}],"author":[{"embeddable":true,"href":"https:\/\/www.ayuntamientodeharia.com\/haria\/wp-json\/wp\/v2\/users\/2"}],"replies":[{"embeddable":true,"href":"https:\/\/www.ayuntamientodeharia.com\/haria\/wp-json\/wp\/v2\/comments?post=2612"}],"version-history":[{"count":0,"href":"https:\/\/www.ayuntamientodeharia.com\/haria\/wp-json\/wp\/v2\/posts\/2612\/revisions"}],"wp:attachment":[{"href":"https:\/\/www.ayuntamientodeharia.com\/haria\/wp-json\/wp\/v2\/media?parent=2612"}],"wp:term":[{"taxonomy":"category","embeddable":true,"href":"https:\/\/www.ayuntamientodeharia.com\/haria\/wp-json\/wp\/v2\/categories?post=2612"},{"taxonomy":"post_tag","embeddable":true,"href":"https:\/\/www.ayuntamientodeharia.com\/haria\/wp-json\/wp\/v2\/tags?post=2612"}],"curies":[{"name":"wp","href":"https:\/\/api.w.org\/{rel}","templated":true}]}}