{"id":2606,"date":"2015-10-09T12:16:01","date_gmt":"2015-10-09T12:16:01","guid":{"rendered":"http:\/\/www.ayuntamientodeharia.com\/haria\/?p=2606"},"modified":"2015-10-09T12:16:01","modified_gmt":"2015-10-09T12:16:01","slug":"haria-inicia-el-camino-hacia-la-reduccion-de-la-contaminacion-luminica-mediante-una-auditoria-energetica-del-alumbrado-publico","status":"publish","type":"post","link":"https:\/\/www.ayuntamientodeharia.com\/haria\/haria-inicia-el-camino-hacia-la-reduccion-de-la-contaminacion-luminica-mediante-una-auditoria-energetica-del-alumbrado-publico\/","title":{"rendered":"Har\u00eda inicia el camino hacia la reducci\u00f3n de la contaminaci\u00f3n lum\u00ednica mediante una auditor\u00eda energ\u00e9tica del alumbrado p\u00fablico"},"content":{"rendered":"<p><img decoding=\"async\" class=\"alignleft size-medium wp-image-2607\" src=\"http:\/\/www.ayuntamientodeharia.com\/haria\/wp-content\/uploads\/2015\/10\/logos-300x54.jpg\" alt=\"logos\" width=\"300\" height=\"54\" srcset=\"https:\/\/www.ayuntamientodeharia.com\/haria\/wp-content\/uploads\/2015\/10\/logos-300x54.jpg 300w, https:\/\/www.ayuntamientodeharia.com\/haria\/wp-content\/uploads\/2015\/10\/logos.jpg 875w\" sizes=\"(max-width: 300px) 100vw, 300px\" \/>El Ayuntamiento de Har\u00eda ha solicitado la realizaci\u00f3n de una auditoria energ\u00e9tica de las instalaciones del alumbrado p\u00fablico de titularidad municipal, tanto vial como ornamental, para conocer el funcionamiento y prestaciones de dichas instalaciones, con el objetivo de mejorar la eficiencia y el ahorro energ\u00e9tico, adecuar y adaptar las instalaciones a la normativa vigente, as\u00ed como limitar la contaminaci\u00f3n lum\u00ednica del cielo al objeto de mejorar la visi\u00f3n nocturna del mismo.<\/p>\n<p>&nbsp;<\/p>\n<p>Dicha auditor\u00eda est\u00e1 cofinanciada en un 50 por ciento por la Consejer\u00eda de Industria, Empleo y Comercio del Gobierno de Canarias, gracias a una l\u00ednea de subvenciones para la aplicaci\u00f3n de medidas de ahorro energ\u00e9tico y la realizaci\u00f3n de auditor\u00edas energ\u00e9ticas en instalaciones municipales, seg\u00fan se recoge en la Orden de 29 de mayo de 2015.<\/p>\n<p><!--more--><\/p>\n<p>Para el concejal de Infraestructuras, V\u00edctor Robayna, \u201cesta primera actuaci\u00f3n forma parte del plan de trabajo iniciado por la nueva Corporaci\u00f3n con el fin de convertir Har\u00eda en un municipio \u2018Starlight\u2019; para ello reduciremos el consumo energ\u00e9tico y mejoraremos la calidad del alumbrado en los diferentes pueblos del municipio, limitando as\u00ed el resplandor lum\u00ednico\u201d. \u201cCon \u00e9stas medidas\u201d, puntualiza el edil norte\u00f1o, \u201cencaminadas al desarrollo sostenible de nuestro municipio, ofreceremos a los vecinos la posibilidad de recuperar su derecho a observar las estrellas y a disfrutar de un cielo libre de contaminaci\u00f3n lum\u00ednica, as\u00ed como a conservar y proteger la calidad nocturna de nuestro cielo por considerarlo<\/p>\n","protected":false},"excerpt":{"rendered":"<p>El Ayuntamiento de Har\u00eda ha solicitado la realizaci\u00f3n de una auditoria energ\u00e9tica de las instalaciones del alumbrado p\u00fablico de titularidad municipal, tanto vial como ornamental, para conocer el funcionamiento y prestaciones de dichas instalaciones, con el objetivo de mejorar la eficiencia y el ahorro energ\u00e9tico, adecuar y adaptar las instalaciones a la normativa vigente, as\u00ed [&hellip;]<\/p>\n","protected":false},"author":2,"featured_media":0,"comment_status":"closed","ping_status":"closed","sticky":false,"template":"","format":"standard","meta":{"footnotes":""},"categories":[11,23],"tags":[],"class_list":["post-2606","post","type-post","status-publish","format-standard","hentry","category-hoja-de-haria","category-obras-y-servicios"],"_links":{"self":[{"href":"https:\/\/www.ayuntamientodeharia.com\/haria\/wp-json\/wp\/v2\/posts\/2606","targetHints":{"allow":["GET"]}}],"collection":[{"href":"https:\/\/www.ayuntamientodeharia.com\/haria\/wp-json\/wp\/v2\/posts"}],"about":[{"href":"https:\/\/www.ayuntamientodeharia.com\/haria\/wp-json\/wp\/v2\/types\/post"}],"author":[{"embeddable":true,"href":"https:\/\/www.ayuntamientodeharia.com\/haria\/wp-json\/wp\/v2\/users\/2"}],"replies":[{"embeddable":true,"href":"https:\/\/www.ayuntamientodeharia.com\/haria\/wp-json\/wp\/v2\/comments?post=2606"}],"version-history":[{"count":0,"href":"https:\/\/www.ayuntamientodeharia.com\/haria\/wp-json\/wp\/v2\/posts\/2606\/revisions"}],"wp:attachment":[{"href":"https:\/\/www.ayuntamientodeharia.com\/haria\/wp-json\/wp\/v2\/media?parent=2606"}],"wp:term":[{"taxonomy":"category","embeddable":true,"href":"https:\/\/www.ayuntamientodeharia.com\/haria\/wp-json\/wp\/v2\/categories?post=2606"},{"taxonomy":"post_tag","embeddable":true,"href":"https:\/\/www.ayuntamientodeharia.com\/haria\/wp-json\/wp\/v2\/tags?post=2606"}],"curies":[{"name":"wp","href":"https:\/\/api.w.org\/{rel}","templated":true}]}}