{"id":2595,"date":"2015-10-09T11:43:04","date_gmt":"2015-10-09T11:43:04","guid":{"rendered":"http:\/\/www.ayuntamientodeharia.com\/haria\/?p=2595"},"modified":"2015-10-09T12:00:33","modified_gmt":"2015-10-09T12:00:33","slug":"caminata-para-los-mayores-por-la-avenida-de-costa-teguise-2","status":"publish","type":"post","link":"https:\/\/www.ayuntamientodeharia.com\/haria\/caminata-para-los-mayores-por-la-avenida-de-costa-teguise-2\/","title":{"rendered":"Caminata para los mayores por la avenida de Costa Teguise"},"content":{"rendered":"<p>El Servicio Insular de Deportes, en colaboraci\u00f3n con las Concejal\u00edas de Bienestar Social de los diferentes ayuntamientos, organiza una caminata para las personas mayores de 60 a\u00f1os, el s\u00e1bado, 24 de octubre, por la avenida de Costa Teguise.<\/p>\n<p>&nbsp;<\/p>\n<p>Los organizadores tienen previsto iniciar el recorrido a las 10:00 horas, en las proximidades de la Casa del Rey, y finalizar en el Hotel Sand Beach Village, donde los asistentes disfrutar\u00e1n de una sesi\u00f3n de aquagym en piscina climatizada y de un estupendo almuerzo.<\/p>\n<p><!--more--><\/p>\n<p>Por este motivo, se les recomienda llevar ropa c\u00f3moda y calzado adecuado, as\u00ed como ropa de ba\u00f1o para la sesi\u00f3n de aquagym. Los mayores interesados en asistir a la caminata deber\u00e1n realizar la inscripci\u00f3n antes del viernes, 16 de octubre, Para ello deber\u00e1n ponerse en contacto con el personal del Centro de la Tercera Edad, de lunes a viernes, de 8:00 a 14:00 horas, o bien llamar al tel\u00e9fono 928 835 633, en el mismo horario, ya que las plazas son limitadas y se ir\u00e1n cubriendo por orden de inscripci\u00f3n.<\/p>\n","protected":false},"excerpt":{"rendered":"<p>El Servicio Insular de Deportes, en colaboraci\u00f3n con las Concejal\u00edas de Bienestar Social de los diferentes ayuntamientos, organiza una caminata para las personas mayores de 60 a\u00f1os, el s\u00e1bado, 24 de octubre, por la avenida de Costa Teguise. &nbsp; Los organizadores tienen previsto iniciar el recorrido a las 10:00 horas, en las proximidades de la [&hellip;]<\/p>\n","protected":false},"author":2,"featured_media":0,"comment_status":"closed","ping_status":"closed","sticky":false,"template":"","format":"standard","meta":{"footnotes":""},"categories":[11,61],"tags":[],"class_list":["post-2595","post","type-post","status-publish","format-standard","hentry","category-hoja-de-haria","category-tercera-edad"],"_links":{"self":[{"href":"https:\/\/www.ayuntamientodeharia.com\/haria\/wp-json\/wp\/v2\/posts\/2595","targetHints":{"allow":["GET"]}}],"collection":[{"href":"https:\/\/www.ayuntamientodeharia.com\/haria\/wp-json\/wp\/v2\/posts"}],"about":[{"href":"https:\/\/www.ayuntamientodeharia.com\/haria\/wp-json\/wp\/v2\/types\/post"}],"author":[{"embeddable":true,"href":"https:\/\/www.ayuntamientodeharia.com\/haria\/wp-json\/wp\/v2\/users\/2"}],"replies":[{"embeddable":true,"href":"https:\/\/www.ayuntamientodeharia.com\/haria\/wp-json\/wp\/v2\/comments?post=2595"}],"version-history":[{"count":0,"href":"https:\/\/www.ayuntamientodeharia.com\/haria\/wp-json\/wp\/v2\/posts\/2595\/revisions"}],"wp:attachment":[{"href":"https:\/\/www.ayuntamientodeharia.com\/haria\/wp-json\/wp\/v2\/media?parent=2595"}],"wp:term":[{"taxonomy":"category","embeddable":true,"href":"https:\/\/www.ayuntamientodeharia.com\/haria\/wp-json\/wp\/v2\/categories?post=2595"},{"taxonomy":"post_tag","embeddable":true,"href":"https:\/\/www.ayuntamientodeharia.com\/haria\/wp-json\/wp\/v2\/tags?post=2595"}],"curies":[{"name":"wp","href":"https:\/\/api.w.org\/{rel}","templated":true}]}}