{"id":25906,"date":"2023-05-05T11:23:50","date_gmt":"2023-05-05T10:23:50","guid":{"rendered":"https:\/\/www.ayuntamientodeharia.com\/haria\/?p=25906"},"modified":"2023-05-05T11:23:50","modified_gmt":"2023-05-05T10:23:50","slug":"haria-celebra-el-exito-de-escenica-2023","status":"publish","type":"post","link":"https:\/\/www.ayuntamientodeharia.com\/haria\/haria-celebra-el-exito-de-escenica-2023\/","title":{"rendered":"Har\u00eda celebra el \u00e9xito de \u2018Esc\u00e9nica 2023\u2019"},"content":{"rendered":"<p>El pasado fin de semana tuvieron lugar las \u00faltimas actuaciones del Festival \u2018Esc\u00e9nica 2023\u2019. Cientos de vecinos y vecinas de todas las edades han disfrutado del 15 al 29 de abril de una veintena de propuestas culturales que se llevaron a cabo en los escenarios norte\u00f1os.<\/p>\n<p>Desde el Ayuntamiento de Har\u00eda, agradecemos la gran acogida y la amplia participaci\u00f3n por parte de la poblaci\u00f3n, as\u00ed como la labor realizada en la organizaci\u00f3n de los eventos y el desempe\u00f1o y la dedicaci\u00f3n mostrada por los artistas que protagonizaron cada una de las actuaciones.<\/p>\n","protected":false},"excerpt":{"rendered":"<p>El pasado fin de semana tuvieron lugar las \u00faltimas actuaciones del Festival \u2018Esc\u00e9nica 2023\u2019. Cientos de vecinos y vecinas de todas las edades han disfrutado del 15 al 29 de abril de una veintena de propuestas culturales que se llevaron a cabo en los escenarios norte\u00f1os. Desde el Ayuntamiento de Har\u00eda, agradecemos la gran acogida [&hellip;]<\/p>\n","protected":false},"author":13,"featured_media":25907,"comment_status":"closed","ping_status":"closed","sticky":false,"template":"","format":"standard","meta":{"footnotes":""},"categories":[16,11],"tags":[],"class_list":["post-25906","post","type-post","status-publish","format-standard","has-post-thumbnail","hentry","category-cultura","category-hoja-de-haria"],"_links":{"self":[{"href":"https:\/\/www.ayuntamientodeharia.com\/haria\/wp-json\/wp\/v2\/posts\/25906","targetHints":{"allow":["GET"]}}],"collection":[{"href":"https:\/\/www.ayuntamientodeharia.com\/haria\/wp-json\/wp\/v2\/posts"}],"about":[{"href":"https:\/\/www.ayuntamientodeharia.com\/haria\/wp-json\/wp\/v2\/types\/post"}],"author":[{"embeddable":true,"href":"https:\/\/www.ayuntamientodeharia.com\/haria\/wp-json\/wp\/v2\/users\/13"}],"replies":[{"embeddable":true,"href":"https:\/\/www.ayuntamientodeharia.com\/haria\/wp-json\/wp\/v2\/comments?post=25906"}],"version-history":[{"count":1,"href":"https:\/\/www.ayuntamientodeharia.com\/haria\/wp-json\/wp\/v2\/posts\/25906\/revisions"}],"predecessor-version":[{"id":25908,"href":"https:\/\/www.ayuntamientodeharia.com\/haria\/wp-json\/wp\/v2\/posts\/25906\/revisions\/25908"}],"wp:featuredmedia":[{"embeddable":true,"href":"https:\/\/www.ayuntamientodeharia.com\/haria\/wp-json\/wp\/v2\/media\/25907"}],"wp:attachment":[{"href":"https:\/\/www.ayuntamientodeharia.com\/haria\/wp-json\/wp\/v2\/media?parent=25906"}],"wp:term":[{"taxonomy":"category","embeddable":true,"href":"https:\/\/www.ayuntamientodeharia.com\/haria\/wp-json\/wp\/v2\/categories?post=25906"},{"taxonomy":"post_tag","embeddable":true,"href":"https:\/\/www.ayuntamientodeharia.com\/haria\/wp-json\/wp\/v2\/tags?post=25906"}],"curies":[{"name":"wp","href":"https:\/\/api.w.org\/{rel}","templated":true}]}}