{"id":2589,"date":"2015-10-09T11:37:46","date_gmt":"2015-10-09T11:37:46","guid":{"rendered":"http:\/\/www.ayuntamientodeharia.com\/haria\/?p=2589"},"modified":"2015-10-09T11:37:46","modified_gmt":"2015-10-09T11:37:46","slug":"luchada-entre-el-cl-union-norte-y-el-cl-guadarfia","status":"publish","type":"post","link":"https:\/\/www.ayuntamientodeharia.com\/haria\/luchada-entre-el-cl-union-norte-y-el-cl-guadarfia\/","title":{"rendered":"Luchada entre el CL Uni\u00f3n Norte y el CL Guadarf\u00eda"},"content":{"rendered":"<p><a href=\"http:\/\/www.ayuntamientodeharia.com\/haria\/wp-content\/uploads\/2015\/10\/Lucha.jpg\"><img fetchpriority=\"high\" decoding=\"async\" class=\"alignleft size-medium wp-image-2583\" src=\"http:\/\/www.ayuntamientodeharia.com\/haria\/wp-content\/uploads\/2015\/10\/Lucha-233x300.jpg\" alt=\"Lucha\" width=\"233\" height=\"300\" srcset=\"https:\/\/www.ayuntamientodeharia.com\/haria\/wp-content\/uploads\/2015\/10\/Lucha-233x300.jpg 233w, https:\/\/www.ayuntamientodeharia.com\/haria\/wp-content\/uploads\/2015\/10\/Lucha.jpg 521w\" sizes=\"(max-width: 233px) 100vw, 233px\" \/><\/a>El s\u00e1bado, 10 de octubre, a las 21:00 horas, se disputar\u00e1 la luchada entre el CL Uni\u00f3n Norte y el CL Guadarf\u00eda, perteneciente al \u2018XXXII Torneo de la Liga Cabildo de Lanzarote\u2019, en el terrero de lucha Lu\u00eds Montero Barreto de Har\u00eda.<\/p>\n","protected":false},"excerpt":{"rendered":"<p>El s\u00e1bado, 10 de octubre, a las 21:00 horas, se disputar\u00e1 la luchada entre el CL Uni\u00f3n Norte y el CL Guadarf\u00eda, perteneciente al \u2018XXXII Torneo de la Liga Cabildo de Lanzarote\u2019, en el terrero de lucha Lu\u00eds Montero Barreto de Har\u00eda.<\/p>\n","protected":false},"author":2,"featured_media":0,"comment_status":"closed","ping_status":"closed","sticky":false,"template":"","format":"standard","meta":{"footnotes":""},"categories":[17,11],"tags":[],"class_list":["post-2589","post","type-post","status-publish","format-standard","hentry","category-deportes","category-hoja-de-haria"],"_links":{"self":[{"href":"https:\/\/www.ayuntamientodeharia.com\/haria\/wp-json\/wp\/v2\/posts\/2589","targetHints":{"allow":["GET"]}}],"collection":[{"href":"https:\/\/www.ayuntamientodeharia.com\/haria\/wp-json\/wp\/v2\/posts"}],"about":[{"href":"https:\/\/www.ayuntamientodeharia.com\/haria\/wp-json\/wp\/v2\/types\/post"}],"author":[{"embeddable":true,"href":"https:\/\/www.ayuntamientodeharia.com\/haria\/wp-json\/wp\/v2\/users\/2"}],"replies":[{"embeddable":true,"href":"https:\/\/www.ayuntamientodeharia.com\/haria\/wp-json\/wp\/v2\/comments?post=2589"}],"version-history":[{"count":0,"href":"https:\/\/www.ayuntamientodeharia.com\/haria\/wp-json\/wp\/v2\/posts\/2589\/revisions"}],"wp:attachment":[{"href":"https:\/\/www.ayuntamientodeharia.com\/haria\/wp-json\/wp\/v2\/media?parent=2589"}],"wp:term":[{"taxonomy":"category","embeddable":true,"href":"https:\/\/www.ayuntamientodeharia.com\/haria\/wp-json\/wp\/v2\/categories?post=2589"},{"taxonomy":"post_tag","embeddable":true,"href":"https:\/\/www.ayuntamientodeharia.com\/haria\/wp-json\/wp\/v2\/tags?post=2589"}],"curies":[{"name":"wp","href":"https:\/\/api.w.org\/{rel}","templated":true}]}}