{"id":25864,"date":"2023-04-21T14:35:58","date_gmt":"2023-04-21T13:35:58","guid":{"rendered":"https:\/\/www.ayuntamientodeharia.com\/haria\/?p=25864"},"modified":"2023-04-21T14:35:58","modified_gmt":"2023-04-21T13:35:58","slug":"haria-acoge-la-primera-sesion-de-las-jornadas-de-patrimonio-cultural-y-turismo-saturacion-turistica-vs-decrecimiento-cual-es-el-camino","status":"publish","type":"post","link":"https:\/\/www.ayuntamientodeharia.com\/haria\/haria-acoge-la-primera-sesion-de-las-jornadas-de-patrimonio-cultural-y-turismo-saturacion-turistica-vs-decrecimiento-cual-es-el-camino\/","title":{"rendered":"Har\u00eda acoge la primera sesi\u00f3n de las jornadas de patrimonio cultural y turismo \u2018Saturaci\u00f3n tur\u00edstica vs Decrecimiento \u00bfCu\u00e1l es el camino?\u2019"},"content":{"rendered":"<p>Har\u00eda acogi\u00f3 este mi\u00e9rcoles la sesi\u00f3n inaugural de las primeras jornadas de patrimonio cultural y turismo \u2018Saturaci\u00f3n tur\u00edstica vs Decrecimiento \u00bfCu\u00e1l es el camino?\u2019, un programa dedicado a debatir y plantear soluciones a esta cuesti\u00f3n que se llev\u00f3 a cabo en Lanzarote y Fuerteventura.<\/p>\n<p>Se ha organizado este encuentro con un amplio grupo de profesores dedicados a estudiar y trabajar sobre turismo desde una perspectiva cr\u00edtica, con el apoyo del programa \u2018EnSe\u00f1as Patrimonio\u2019 del Gobierno de Canarias.<\/p>\n<p>Una decena de expertos y figuras influyentes del \u00e1mbito se dieron cita en esta primera toma de contacto celebrada en Har\u00eda, en la que la alcaldesa Evelia Garc\u00eda dio la bienvenida a los ponentes y agradeci\u00f3 la implicaci\u00f3n en una iniciativa tan importante y de urgente tratamiento para la Isla.<\/p>\n","protected":false},"excerpt":{"rendered":"<p>Har\u00eda acogi\u00f3 este mi\u00e9rcoles la sesi\u00f3n inaugural de las primeras jornadas de patrimonio cultural y turismo \u2018Saturaci\u00f3n tur\u00edstica vs Decrecimiento \u00bfCu\u00e1l es el camino?\u2019, un programa dedicado a debatir y plantear soluciones a esta cuesti\u00f3n que se llev\u00f3 a cabo en Lanzarote y Fuerteventura. Se ha organizado este encuentro con un amplio grupo de profesores [&hellip;]<\/p>\n","protected":false},"author":13,"featured_media":25865,"comment_status":"closed","ping_status":"closed","sticky":false,"template":"","format":"standard","meta":{"footnotes":""},"categories":[73,425,11],"tags":[],"class_list":["post-25864","post","type-post","status-publish","format-standard","has-post-thumbnail","hentry","category-alcaldia","category-destacado","category-hoja-de-haria"],"_links":{"self":[{"href":"https:\/\/www.ayuntamientodeharia.com\/haria\/wp-json\/wp\/v2\/posts\/25864","targetHints":{"allow":["GET"]}}],"collection":[{"href":"https:\/\/www.ayuntamientodeharia.com\/haria\/wp-json\/wp\/v2\/posts"}],"about":[{"href":"https:\/\/www.ayuntamientodeharia.com\/haria\/wp-json\/wp\/v2\/types\/post"}],"author":[{"embeddable":true,"href":"https:\/\/www.ayuntamientodeharia.com\/haria\/wp-json\/wp\/v2\/users\/13"}],"replies":[{"embeddable":true,"href":"https:\/\/www.ayuntamientodeharia.com\/haria\/wp-json\/wp\/v2\/comments?post=25864"}],"version-history":[{"count":1,"href":"https:\/\/www.ayuntamientodeharia.com\/haria\/wp-json\/wp\/v2\/posts\/25864\/revisions"}],"predecessor-version":[{"id":25866,"href":"https:\/\/www.ayuntamientodeharia.com\/haria\/wp-json\/wp\/v2\/posts\/25864\/revisions\/25866"}],"wp:featuredmedia":[{"embeddable":true,"href":"https:\/\/www.ayuntamientodeharia.com\/haria\/wp-json\/wp\/v2\/media\/25865"}],"wp:attachment":[{"href":"https:\/\/www.ayuntamientodeharia.com\/haria\/wp-json\/wp\/v2\/media?parent=25864"}],"wp:term":[{"taxonomy":"category","embeddable":true,"href":"https:\/\/www.ayuntamientodeharia.com\/haria\/wp-json\/wp\/v2\/categories?post=25864"},{"taxonomy":"post_tag","embeddable":true,"href":"https:\/\/www.ayuntamientodeharia.com\/haria\/wp-json\/wp\/v2\/tags?post=25864"}],"curies":[{"name":"wp","href":"https:\/\/api.w.org\/{rel}","templated":true}]}}