{"id":25862,"date":"2023-04-21T14:34:59","date_gmt":"2023-04-21T13:34:59","guid":{"rendered":"https:\/\/www.ayuntamientodeharia.com\/haria\/?p=25862"},"modified":"2023-04-21T14:34:59","modified_gmt":"2023-04-21T13:34:59","slug":"expuesto-el-listado-provisional-de-estudiantes-solicitantes-de-la-ayuda-al-transporte-por-estudios-fuera-de-la-isla-correspondientes-al-curso-escolar-2020-2021","status":"publish","type":"post","link":"https:\/\/www.ayuntamientodeharia.com\/haria\/expuesto-el-listado-provisional-de-estudiantes-solicitantes-de-la-ayuda-al-transporte-por-estudios-fuera-de-la-isla-correspondientes-al-curso-escolar-2020-2021\/","title":{"rendered":"Expuesto el listado provisional de estudiantes solicitantes de la ayuda al transporte por estudios fuera de la isla correspondientes al curso escolar 2020\/2021"},"content":{"rendered":"<p>El Ayuntamiento de Har\u00eda pone en conocimiento de la ciudadan\u00eda que el listado provisional de los estudiantes residentes en el municipio solicitantes de la ayuda al transporte por estudios fuera de la Isla correspondientes al curso 20\/21 ya est\u00e1 expuesto.<\/p>\n<p>Los alumnos y alumnas admitidos que no hayan justificado la ayuda o tengan pendiente la entrega de documentaci\u00f3n tiene tres meses, a contar desde el d\u00eda 20 de abril, para presentar la documentaci\u00f3n requerida tal y como se recoge en la cl\u00e1usula d\u00e9cimo primera de las bases.<\/p>\n","protected":false},"excerpt":{"rendered":"<p>El Ayuntamiento de Har\u00eda pone en conocimiento de la ciudadan\u00eda que el listado provisional de los estudiantes residentes en el municipio solicitantes de la ayuda al transporte por estudios fuera de la Isla correspondientes al curso 20\/21 ya est\u00e1 expuesto. Los alumnos y alumnas admitidos que no hayan justificado la ayuda o tengan pendiente la [&hellip;]<\/p>\n","protected":false},"author":13,"featured_media":25329,"comment_status":"closed","ping_status":"closed","sticky":false,"template":"","format":"standard","meta":{"footnotes":""},"categories":[32,425,19,11],"tags":[],"class_list":["post-25862","post","type-post","status-publish","format-standard","has-post-thumbnail","hentry","category-anuncios","category-destacado","category-formacion","category-hoja-de-haria"],"_links":{"self":[{"href":"https:\/\/www.ayuntamientodeharia.com\/haria\/wp-json\/wp\/v2\/posts\/25862","targetHints":{"allow":["GET"]}}],"collection":[{"href":"https:\/\/www.ayuntamientodeharia.com\/haria\/wp-json\/wp\/v2\/posts"}],"about":[{"href":"https:\/\/www.ayuntamientodeharia.com\/haria\/wp-json\/wp\/v2\/types\/post"}],"author":[{"embeddable":true,"href":"https:\/\/www.ayuntamientodeharia.com\/haria\/wp-json\/wp\/v2\/users\/13"}],"replies":[{"embeddable":true,"href":"https:\/\/www.ayuntamientodeharia.com\/haria\/wp-json\/wp\/v2\/comments?post=25862"}],"version-history":[{"count":1,"href":"https:\/\/www.ayuntamientodeharia.com\/haria\/wp-json\/wp\/v2\/posts\/25862\/revisions"}],"predecessor-version":[{"id":25863,"href":"https:\/\/www.ayuntamientodeharia.com\/haria\/wp-json\/wp\/v2\/posts\/25862\/revisions\/25863"}],"wp:featuredmedia":[{"embeddable":true,"href":"https:\/\/www.ayuntamientodeharia.com\/haria\/wp-json\/wp\/v2\/media\/25329"}],"wp:attachment":[{"href":"https:\/\/www.ayuntamientodeharia.com\/haria\/wp-json\/wp\/v2\/media?parent=25862"}],"wp:term":[{"taxonomy":"category","embeddable":true,"href":"https:\/\/www.ayuntamientodeharia.com\/haria\/wp-json\/wp\/v2\/categories?post=25862"},{"taxonomy":"post_tag","embeddable":true,"href":"https:\/\/www.ayuntamientodeharia.com\/haria\/wp-json\/wp\/v2\/tags?post=25862"}],"curies":[{"name":"wp","href":"https:\/\/api.w.org\/{rel}","templated":true}]}}