{"id":2586,"date":"2015-10-09T11:36:35","date_gmt":"2015-10-09T11:36:35","guid":{"rendered":"http:\/\/www.ayuntamientodeharia.com\/haria\/?p=2586"},"modified":"2015-10-09T11:36:57","modified_gmt":"2015-10-09T11:36:57","slug":"los-alumnos-del-taller-de-pintura-exponen-sus-trabajos-en-el-aljibe-de-haria-2","status":"publish","type":"post","link":"https:\/\/www.ayuntamientodeharia.com\/haria\/los-alumnos-del-taller-de-pintura-exponen-sus-trabajos-en-el-aljibe-de-haria-2\/","title":{"rendered":"Los alumnos del Taller de Pintura exponen sus trabajos en El Aljibe de Har\u00eda"},"content":{"rendered":"<p>Los alumnos del Taller de Pintura de Har\u00eda mostrar\u00e1n sus trabajos en una exposici\u00f3n colectiva que se inaugurar\u00e1 el s\u00e1bado, 10 de octubre, a las 12:00 horas, en la sala de exposiciones El Aljibe de Har\u00eda, dependiente de la Concejal\u00eda de Cultura, que coordina Jos\u00e9 P\u00e9rez Dorta.<\/p>\n<p>&nbsp;<\/p>\n<p>Las concejal\u00edas de Igualdad y Cultura del Ayuntamiento de Har\u00eda pusieron en marcha el taller de pintura hace once a\u00f1os con el objetivo de ofrecer una alternativa de ocio y aprendizaje a los vecinos del municipio. Con el tiempo, esta actividad se ha consolidado y hoy d\u00eda cuenta con numerosos alumnos que acuden los martes y jueves por la tarde al Taller de Artesan\u00eda para aprender y perfeccionar nuevas t\u00e9cnicas.<\/p>\n<p>&nbsp;<\/p>\n<p>La exposici\u00f3n podr\u00e1 visitarse hasta el 7 de noviembre, de lunes a s\u00e1bado, en horario de 10:00 a 14:00 horas.<\/p>\n","protected":false},"excerpt":{"rendered":"<p>Los alumnos del Taller de Pintura de Har\u00eda mostrar\u00e1n sus trabajos en una exposici\u00f3n colectiva que se inaugurar\u00e1 el s\u00e1bado, 10 de octubre, a las 12:00 horas, en la sala de exposiciones El Aljibe de Har\u00eda, dependiente de la Concejal\u00eda de Cultura, que coordina Jos\u00e9 P\u00e9rez Dorta. &nbsp; Las concejal\u00edas de Igualdad y Cultura del [&hellip;]<\/p>\n","protected":false},"author":2,"featured_media":0,"comment_status":"closed","ping_status":"closed","sticky":false,"template":"","format":"standard","meta":{"footnotes":""},"categories":[16,11],"tags":[],"class_list":["post-2586","post","type-post","status-publish","format-standard","hentry","category-cultura","category-hoja-de-haria"],"_links":{"self":[{"href":"https:\/\/www.ayuntamientodeharia.com\/haria\/wp-json\/wp\/v2\/posts\/2586","targetHints":{"allow":["GET"]}}],"collection":[{"href":"https:\/\/www.ayuntamientodeharia.com\/haria\/wp-json\/wp\/v2\/posts"}],"about":[{"href":"https:\/\/www.ayuntamientodeharia.com\/haria\/wp-json\/wp\/v2\/types\/post"}],"author":[{"embeddable":true,"href":"https:\/\/www.ayuntamientodeharia.com\/haria\/wp-json\/wp\/v2\/users\/2"}],"replies":[{"embeddable":true,"href":"https:\/\/www.ayuntamientodeharia.com\/haria\/wp-json\/wp\/v2\/comments?post=2586"}],"version-history":[{"count":0,"href":"https:\/\/www.ayuntamientodeharia.com\/haria\/wp-json\/wp\/v2\/posts\/2586\/revisions"}],"wp:attachment":[{"href":"https:\/\/www.ayuntamientodeharia.com\/haria\/wp-json\/wp\/v2\/media?parent=2586"}],"wp:term":[{"taxonomy":"category","embeddable":true,"href":"https:\/\/www.ayuntamientodeharia.com\/haria\/wp-json\/wp\/v2\/categories?post=2586"},{"taxonomy":"post_tag","embeddable":true,"href":"https:\/\/www.ayuntamientodeharia.com\/haria\/wp-json\/wp\/v2\/tags?post=2586"}],"curies":[{"name":"wp","href":"https:\/\/api.w.org\/{rel}","templated":true}]}}