{"id":25849,"date":"2023-04-21T14:29:48","date_gmt":"2023-04-21T13:29:48","guid":{"rendered":"https:\/\/www.ayuntamientodeharia.com\/haria\/?p=25849"},"modified":"2023-04-21T14:29:48","modified_gmt":"2023-04-21T13:29:48","slug":"asociacion-milana-y-ayuntamiento-de-haria-ponen-en-marcha-un-taller-de-alpargatas","status":"publish","type":"post","link":"https:\/\/www.ayuntamientodeharia.com\/haria\/asociacion-milana-y-ayuntamiento-de-haria-ponen-en-marcha-un-taller-de-alpargatas\/","title":{"rendered":"Asociaci\u00f3n Milana y Ayuntamiento de Har\u00eda ponen en marcha un taller de alpargatas"},"content":{"rendered":"<p>El Ayuntamiento de Har\u00eda, en colaboraci\u00f3n con la Asociaci\u00f3n Milana, ponen en marcha un taller de alpargatas. El objetivo de la formaci\u00f3n ser\u00e1 que los asistentes aprendan a confeccionar y a pintar y decorar con cochinilla su propio calzado.<\/p>\n<p>&nbsp;<\/p>\n<p>El taller dar\u00e1 comienzo el viernes, 26 de abril, y se impartir\u00e1 todos los viernes de 10:00 a 12:00 horas en la Casa del Cura.<\/p>\n<p>&nbsp;<\/p>\n<p>Las personas interesadas en recibir informaci\u00f3n o realizar la inscripci\u00f3n deben dirigirse al Departamento de Bienestar Social llamando al n\u00famero de tel\u00e9fono 609328397, en horario de 09:00 a 14:00 h.<\/p>\n<p>&nbsp;<\/p>\n<p>Las plazas son limitadas y se ir\u00e1n cubriendo por orden de inscripci\u00f3n.<\/p>\n","protected":false},"excerpt":{"rendered":"<p>El Ayuntamiento de Har\u00eda, en colaboraci\u00f3n con la Asociaci\u00f3n Milana, ponen en marcha un taller de alpargatas. El objetivo de la formaci\u00f3n ser\u00e1 que los asistentes aprendan a confeccionar y a pintar y decorar con cochinilla su propio calzado. &nbsp; El taller dar\u00e1 comienzo el viernes, 26 de abril, y se impartir\u00e1 todos los viernes [&hellip;]<\/p>\n","protected":false},"author":13,"featured_media":25850,"comment_status":"closed","ping_status":"closed","sticky":false,"template":"","format":"standard","meta":{"footnotes":""},"categories":[32,11],"tags":[],"class_list":["post-25849","post","type-post","status-publish","format-standard","has-post-thumbnail","hentry","category-anuncios","category-hoja-de-haria"],"_links":{"self":[{"href":"https:\/\/www.ayuntamientodeharia.com\/haria\/wp-json\/wp\/v2\/posts\/25849","targetHints":{"allow":["GET"]}}],"collection":[{"href":"https:\/\/www.ayuntamientodeharia.com\/haria\/wp-json\/wp\/v2\/posts"}],"about":[{"href":"https:\/\/www.ayuntamientodeharia.com\/haria\/wp-json\/wp\/v2\/types\/post"}],"author":[{"embeddable":true,"href":"https:\/\/www.ayuntamientodeharia.com\/haria\/wp-json\/wp\/v2\/users\/13"}],"replies":[{"embeddable":true,"href":"https:\/\/www.ayuntamientodeharia.com\/haria\/wp-json\/wp\/v2\/comments?post=25849"}],"version-history":[{"count":1,"href":"https:\/\/www.ayuntamientodeharia.com\/haria\/wp-json\/wp\/v2\/posts\/25849\/revisions"}],"predecessor-version":[{"id":25851,"href":"https:\/\/www.ayuntamientodeharia.com\/haria\/wp-json\/wp\/v2\/posts\/25849\/revisions\/25851"}],"wp:featuredmedia":[{"embeddable":true,"href":"https:\/\/www.ayuntamientodeharia.com\/haria\/wp-json\/wp\/v2\/media\/25850"}],"wp:attachment":[{"href":"https:\/\/www.ayuntamientodeharia.com\/haria\/wp-json\/wp\/v2\/media?parent=25849"}],"wp:term":[{"taxonomy":"category","embeddable":true,"href":"https:\/\/www.ayuntamientodeharia.com\/haria\/wp-json\/wp\/v2\/categories?post=25849"},{"taxonomy":"post_tag","embeddable":true,"href":"https:\/\/www.ayuntamientodeharia.com\/haria\/wp-json\/wp\/v2\/tags?post=25849"}],"curies":[{"name":"wp","href":"https:\/\/api.w.org\/{rel}","templated":true}]}}