{"id":25840,"date":"2023-04-21T14:16:31","date_gmt":"2023-04-21T13:16:31","guid":{"rendered":"https:\/\/www.ayuntamientodeharia.com\/haria\/?p=25840"},"modified":"2023-04-21T14:16:31","modified_gmt":"2023-04-21T13:16:31","slug":"la-plaza-de-haria-sera-el-escenario-del-espectaculo-artistico-flores-negras","status":"publish","type":"post","link":"https:\/\/www.ayuntamientodeharia.com\/haria\/la-plaza-de-haria-sera-el-escenario-del-espectaculo-artistico-flores-negras\/","title":{"rendered":"La Plaza de Har\u00eda ser\u00e1 el escenario del espect\u00e1culo art\u00edstico \u2018Flores negras\u2019"},"content":{"rendered":"<p>La Plaza de Har\u00eda acoger\u00e1 este s\u00e1bado, 22 de abril, a las 21:15 horas, el espect\u00e1culo art\u00edstico \u2018Flores negras\u2019. Esta actuaci\u00f3n est\u00e1 englobada en la agenda del Festival \u2018Esc\u00e9nica 2023\u2019 y ser\u00e1 protagonizada por Acerina H. Toledo.<\/p>\n<p>El evento tendr\u00e1 una duraci\u00f3n de unos 15 minutos y la entrada es libre.<\/p>\n","protected":false},"excerpt":{"rendered":"<p>La Plaza de Har\u00eda acoger\u00e1 este s\u00e1bado, 22 de abril, a las 21:15 horas, el espect\u00e1culo art\u00edstico \u2018Flores negras\u2019. Esta actuaci\u00f3n est\u00e1 englobada en la agenda del Festival \u2018Esc\u00e9nica 2023\u2019 y ser\u00e1 protagonizada por Acerina H. Toledo. El evento tendr\u00e1 una duraci\u00f3n de unos 15 minutos y la entrada es libre.<\/p>\n","protected":false},"author":13,"featured_media":25841,"comment_status":"closed","ping_status":"closed","sticky":false,"template":"","format":"standard","meta":{"footnotes":""},"categories":[16,11],"tags":[],"class_list":["post-25840","post","type-post","status-publish","format-standard","has-post-thumbnail","hentry","category-cultura","category-hoja-de-haria"],"_links":{"self":[{"href":"https:\/\/www.ayuntamientodeharia.com\/haria\/wp-json\/wp\/v2\/posts\/25840","targetHints":{"allow":["GET"]}}],"collection":[{"href":"https:\/\/www.ayuntamientodeharia.com\/haria\/wp-json\/wp\/v2\/posts"}],"about":[{"href":"https:\/\/www.ayuntamientodeharia.com\/haria\/wp-json\/wp\/v2\/types\/post"}],"author":[{"embeddable":true,"href":"https:\/\/www.ayuntamientodeharia.com\/haria\/wp-json\/wp\/v2\/users\/13"}],"replies":[{"embeddable":true,"href":"https:\/\/www.ayuntamientodeharia.com\/haria\/wp-json\/wp\/v2\/comments?post=25840"}],"version-history":[{"count":1,"href":"https:\/\/www.ayuntamientodeharia.com\/haria\/wp-json\/wp\/v2\/posts\/25840\/revisions"}],"predecessor-version":[{"id":25842,"href":"https:\/\/www.ayuntamientodeharia.com\/haria\/wp-json\/wp\/v2\/posts\/25840\/revisions\/25842"}],"wp:featuredmedia":[{"embeddable":true,"href":"https:\/\/www.ayuntamientodeharia.com\/haria\/wp-json\/wp\/v2\/media\/25841"}],"wp:attachment":[{"href":"https:\/\/www.ayuntamientodeharia.com\/haria\/wp-json\/wp\/v2\/media?parent=25840"}],"wp:term":[{"taxonomy":"category","embeddable":true,"href":"https:\/\/www.ayuntamientodeharia.com\/haria\/wp-json\/wp\/v2\/categories?post=25840"},{"taxonomy":"post_tag","embeddable":true,"href":"https:\/\/www.ayuntamientodeharia.com\/haria\/wp-json\/wp\/v2\/tags?post=25840"}],"curies":[{"name":"wp","href":"https:\/\/api.w.org\/{rel}","templated":true}]}}