{"id":25837,"date":"2023-04-21T14:14:29","date_gmt":"2023-04-21T13:14:29","guid":{"rendered":"https:\/\/www.ayuntamientodeharia.com\/haria\/?p=25837"},"modified":"2023-04-21T14:14:29","modified_gmt":"2023-04-21T13:14:29","slug":"haria-celebra-el-dia-internacional-de-la-biodanza","status":"publish","type":"post","link":"https:\/\/www.ayuntamientodeharia.com\/haria\/haria-celebra-el-dia-internacional-de-la-biodanza\/","title":{"rendered":"Har\u00eda celebra el D\u00eda Internacional de la Biodanza"},"content":{"rendered":"<p>El pasado 19 de abril se celebr\u00f3 el D\u00eda Internacional de la Biodanza. Con motivo de la conmemoraci\u00f3n de esta fecha, Har\u00eda ser\u00e1 el escenario de una sesi\u00f3n de biodanza en familia gratuita, abierta a todo el mundo y para todas las edades.<\/p>\n<p>La clase tendr\u00e1 lugar el domingo, 23 de abril, a las 11:00 horas, en el Centro Sociocultural La Garita, en Arrieta. La sesi\u00f3n ser\u00e1 impartida por Arnold Acosta, Desire\u00e9 Artiles y Pedro Royo.<\/p>\n<p>Las personas interesadas deber\u00e1n inscribirse por medio de un WhatsApp al n\u00famero 644136227.<\/p>\n","protected":false},"excerpt":{"rendered":"<p>El pasado 19 de abril se celebr\u00f3 el D\u00eda Internacional de la Biodanza. Con motivo de la conmemoraci\u00f3n de esta fecha, Har\u00eda ser\u00e1 el escenario de una sesi\u00f3n de biodanza en familia gratuita, abierta a todo el mundo y para todas las edades. La clase tendr\u00e1 lugar el domingo, 23 de abril, a las 11:00 [&hellip;]<\/p>\n","protected":false},"author":13,"featured_media":25838,"comment_status":"closed","ping_status":"closed","sticky":false,"template":"","format":"standard","meta":{"footnotes":""},"categories":[32,17,11],"tags":[],"class_list":["post-25837","post","type-post","status-publish","format-standard","has-post-thumbnail","hentry","category-anuncios","category-deportes","category-hoja-de-haria"],"_links":{"self":[{"href":"https:\/\/www.ayuntamientodeharia.com\/haria\/wp-json\/wp\/v2\/posts\/25837","targetHints":{"allow":["GET"]}}],"collection":[{"href":"https:\/\/www.ayuntamientodeharia.com\/haria\/wp-json\/wp\/v2\/posts"}],"about":[{"href":"https:\/\/www.ayuntamientodeharia.com\/haria\/wp-json\/wp\/v2\/types\/post"}],"author":[{"embeddable":true,"href":"https:\/\/www.ayuntamientodeharia.com\/haria\/wp-json\/wp\/v2\/users\/13"}],"replies":[{"embeddable":true,"href":"https:\/\/www.ayuntamientodeharia.com\/haria\/wp-json\/wp\/v2\/comments?post=25837"}],"version-history":[{"count":1,"href":"https:\/\/www.ayuntamientodeharia.com\/haria\/wp-json\/wp\/v2\/posts\/25837\/revisions"}],"predecessor-version":[{"id":25839,"href":"https:\/\/www.ayuntamientodeharia.com\/haria\/wp-json\/wp\/v2\/posts\/25837\/revisions\/25839"}],"wp:featuredmedia":[{"embeddable":true,"href":"https:\/\/www.ayuntamientodeharia.com\/haria\/wp-json\/wp\/v2\/media\/25838"}],"wp:attachment":[{"href":"https:\/\/www.ayuntamientodeharia.com\/haria\/wp-json\/wp\/v2\/media?parent=25837"}],"wp:term":[{"taxonomy":"category","embeddable":true,"href":"https:\/\/www.ayuntamientodeharia.com\/haria\/wp-json\/wp\/v2\/categories?post=25837"},{"taxonomy":"post_tag","embeddable":true,"href":"https:\/\/www.ayuntamientodeharia.com\/haria\/wp-json\/wp\/v2\/tags?post=25837"}],"curies":[{"name":"wp","href":"https:\/\/api.w.org\/{rel}","templated":true}]}}