{"id":25731,"date":"2023-04-14T13:47:35","date_gmt":"2023-04-14T12:47:35","guid":{"rendered":"https:\/\/www.ayuntamientodeharia.com\/haria\/?p=25731"},"modified":"2023-04-14T13:47:35","modified_gmt":"2023-04-14T12:47:35","slug":"el-ayuntamiento-de-haria-se-ilumina-de-azul-en-senal-de-apoyo-a-las-personas-afectadas-por-el-tea","status":"publish","type":"post","link":"https:\/\/www.ayuntamientodeharia.com\/haria\/el-ayuntamiento-de-haria-se-ilumina-de-azul-en-senal-de-apoyo-a-las-personas-afectadas-por-el-tea\/","title":{"rendered":"El Ayuntamiento de Har\u00eda se ilumina de azul en se\u00f1al de apoyo a las personas afectadas por el TEA"},"content":{"rendered":"<p>El Ayuntamiento de Har\u00eda se ilumin\u00f3 durante toda la pasada semana de azul en se\u00f1al de apoyo a las personas afectadas por trastornos del espectro autista (TEA).<\/p>\n<p>Esta iniciativa se llev\u00f3 a cabo en consonancia con la conmemoraci\u00f3n del D\u00eda Mundial de Concienciaci\u00f3n sobre el Autismo y tiene como objetivo visibilizar a este colectivo y mostrar el apoyo institucional a los pacientes y a sus familiares.<\/p>\n","protected":false},"excerpt":{"rendered":"<p>El Ayuntamiento de Har\u00eda se ilumin\u00f3 durante toda la pasada semana de azul en se\u00f1al de apoyo a las personas afectadas por trastornos del espectro autista (TEA). Esta iniciativa se llev\u00f3 a cabo en consonancia con la conmemoraci\u00f3n del D\u00eda Mundial de Concienciaci\u00f3n sobre el Autismo y tiene como objetivo visibilizar a este colectivo y [&hellip;]<\/p>\n","protected":false},"author":13,"featured_media":25732,"comment_status":"closed","ping_status":"closed","sticky":false,"template":"","format":"standard","meta":{"footnotes":""},"categories":[11],"tags":[],"class_list":["post-25731","post","type-post","status-publish","format-standard","has-post-thumbnail","hentry","category-hoja-de-haria"],"_links":{"self":[{"href":"https:\/\/www.ayuntamientodeharia.com\/haria\/wp-json\/wp\/v2\/posts\/25731","targetHints":{"allow":["GET"]}}],"collection":[{"href":"https:\/\/www.ayuntamientodeharia.com\/haria\/wp-json\/wp\/v2\/posts"}],"about":[{"href":"https:\/\/www.ayuntamientodeharia.com\/haria\/wp-json\/wp\/v2\/types\/post"}],"author":[{"embeddable":true,"href":"https:\/\/www.ayuntamientodeharia.com\/haria\/wp-json\/wp\/v2\/users\/13"}],"replies":[{"embeddable":true,"href":"https:\/\/www.ayuntamientodeharia.com\/haria\/wp-json\/wp\/v2\/comments?post=25731"}],"version-history":[{"count":1,"href":"https:\/\/www.ayuntamientodeharia.com\/haria\/wp-json\/wp\/v2\/posts\/25731\/revisions"}],"predecessor-version":[{"id":25733,"href":"https:\/\/www.ayuntamientodeharia.com\/haria\/wp-json\/wp\/v2\/posts\/25731\/revisions\/25733"}],"wp:featuredmedia":[{"embeddable":true,"href":"https:\/\/www.ayuntamientodeharia.com\/haria\/wp-json\/wp\/v2\/media\/25732"}],"wp:attachment":[{"href":"https:\/\/www.ayuntamientodeharia.com\/haria\/wp-json\/wp\/v2\/media?parent=25731"}],"wp:term":[{"taxonomy":"category","embeddable":true,"href":"https:\/\/www.ayuntamientodeharia.com\/haria\/wp-json\/wp\/v2\/categories?post=25731"},{"taxonomy":"post_tag","embeddable":true,"href":"https:\/\/www.ayuntamientodeharia.com\/haria\/wp-json\/wp\/v2\/tags?post=25731"}],"curies":[{"name":"wp","href":"https:\/\/api.w.org\/{rel}","templated":true}]}}